{"id":106901,"date":"2024-01-17T10:00:40","date_gmt":"2024-01-17T13:00:40","guid":{"rendered":"https:\/\/cdnoticias.com\/?p=106901"},"modified":"2024-01-17T12:50:14","modified_gmt":"2024-01-17T15:50:14","slug":"los-corsos-oficiales-se-realizaran-del-9-al-11-de-febrero","status":"publish","type":"post","link":"https:\/\/cdnoticias.com\/index.php\/2024\/01\/17\/los-corsos-oficiales-se-realizaran-del-9-al-11-de-febrero\/","title":{"rendered":"Los Carnavales se realizar\u00e1n del 9 al 11 de febrero"},"content":{"rendered":"<p>El Municipio lanz\u00f3 la convocatoria a instituciones para la instalaci\u00f3n de puestos de comida, venta de espuma y alquiler de sillas. La inscripci\u00f3n se extender\u00e1 del lunes 22 y al viernes 26 de enero inclusive.<\/p>\n<p><!--more--><\/p>\n<hr \/>\n<p>El <strong>Municipio anunci\u00f3 la fecha en que se realizar\u00e1n los Carnavales 2024<\/strong> y lanz\u00f3 la <strong>convocatoria a instituciones para la instalaci\u00f3n de puestos<\/strong> de comida, venta de espuma y alquiler de sillas.<\/p>\n<blockquote><p>Este mi\u00e9rcoles se anunci\u00f3 que los Carnavales se desarrollar\u00e1n durante los d\u00edas 9, 10 y 11 de febrero, en el Cors\u00f3dromo \u201cGabriel Antonio\u201d, del Parque Eva Per\u00f3n.<\/p><\/blockquote>\n<p>Desde la Subsecretar\u00eda de Cultura y Educaci\u00f3n del Municipio de Olavarr\u00eda se i<strong>nvit\u00f3 a entidades de bien p\u00fablico que est\u00e9n debidamente acreditadas, asociaciones cooperadoras, sociedades de fomento, juntas vecinales, agrupaciones tradicionalistas<\/strong>, entre otras, que quieran participar de los mismos con <strong>puestos de comidas, alquiler de sillas y venta de espuma<\/strong>.<\/p>\n<p>Podr\u00e1n<strong> inscribirse desde el pr\u00f3ximo lunes 22 y hasta el viernes 26 de enero inclusive<\/strong> de 8 a 13 horas, en la Casa de la Cultura (Coronel Su\u00e1rez 2924).<\/p>\n<p>Para los interesados, se record\u00f3 que deber\u00e1n concurrir con una nota firmada por el representante de la instituci\u00f3n por la cual participan, as\u00ed como tambi\u00e9n con la documentaci\u00f3n que avale a la instituci\u00f3n y fotocopia del DNI del integrante que realizar\u00e1 la inscripci\u00f3n. En la nota deber\u00e1 indicarse con qu\u00e9 servicio participan.<\/p>\n<p>Desde la Subsecretar\u00eda de Cultura y Educaci\u00f3n del Municipio se aclar\u00f3 que <strong>los cupos son limitados.<\/strong><\/p>\n","protected":false},"excerpt":{"rendered":"<p>El Municipio lanz\u00f3 la convocatoria a instituciones para la instalaci\u00f3n de puestos de comida, venta de espuma y alquiler de<\/p>\n","protected":false},"author":4,"featured_media":76720,"comment_status":"closed","ping_status":"closed","sticky":false,"template":"","format":"standard","meta":{"_jetpack_memberships_contains_paid_content":false,"footnotes":""},"categories":[9,1],"tags":[],"class_list":["post-106901","post","type-post","status-publish","format-standard","has-post-thumbnail","hentry","category-cultura","category-portada"],"jetpack_featured_media_url":"https:\/\/i0.wp.com\/cdnoticias.com\/wp-content\/uploads\/2023\/02\/corsos-galeria-00.jpg?fit=800%2C445&ssl=1","jetpack_sharing_enabled":true,"_links":{"self":[{"href":"https:\/\/cdnoticias.com\/index.php\/wp-json\/wp\/v2\/posts\/106901","targetHints":{"allow":["GET"]}}],"collection":[{"href":"https:\/\/cdnoticias.com\/index.php\/wp-json\/wp\/v2\/posts"}],"about":[{"href":"https:\/\/cdnoticias.com\/index.php\/wp-json\/wp\/v2\/types\/post"}],"author":[{"embeddable":true,"href":"https:\/\/cdnoticias.com\/index.php\/wp-json\/wp\/v2\/users\/4"}],"replies":[{"embeddable":true,"href":"https:\/\/cdnoticias.com\/index.php\/wp-json\/wp\/v2\/comments?post=106901"}],"version-history":[{"count":0,"href":"https:\/\/cdnoticias.com\/index.php\/wp-json\/wp\/v2\/posts\/106901\/revisions"}],"wp:featuredmedia":[{"embeddable":true,"href":"https:\/\/cdnoticias.com\/index.php\/wp-json\/wp\/v2\/media\/76720"}],"wp:attachment":[{"href":"https:\/\/cdnoticias.com\/index.php\/wp-json\/wp\/v2\/media?parent=106901"}],"wp:term":[{"taxonomy":"category","embeddable":true,"href":"https:\/\/cdnoticias.com\/index.php\/wp-json\/wp\/v2\/categories?post=106901"},{"taxonomy":"post_tag","embeddable":true,"href":"https:\/\/cdnoticias.com\/index.php\/wp-json\/wp\/v2\/tags?post=106901"}],"curies":[{"name":"wp","href":"https:\/\/api.w.org\/{rel}","templated":true}]}}