{"id":10687,"date":"2022-01-20T22:58:58","date_gmt":"2022-01-21T01:58:58","guid":{"rendered":"http:\/\/centraldeportes.com.ar\/?p=10687"},"modified":"2025-02-02T02:51:07","modified_gmt":"2025-02-02T05:51:07","slug":"mateo-battistino-hoy-en-dia-estamos-a-gusto-con-nuestro-juego","status":"publish","type":"post","link":"https:\/\/cdnoticias.com\/index.php\/2022\/01\/20\/mateo-battistino-hoy-en-dia-estamos-a-gusto-con-nuestro-juego\/","title":{"rendered":"Mateo Battistino: \u201cHoy en d\u00eda estamos a gusto con nuestro juego\u201d"},"content":{"rendered":"<p>El escolta de Estudiantes brind\u00f3 sus declaraciones luego del triunfo ante Villa Mitre por 79 a 64 en el \u201cMaxi\u201d. Adem\u00e1s habl\u00f3 sobre c\u00f3mo fue mejorando el rendimiento del equipo, los refuerzos que llegaron y el objetivo que tienen en mente para lo que va de la temporada.<!--more--><\/p>\n<hr \/>\n<p>El \u201cbata\u201d est\u00e1 atravesando realmente un buen momento y pudo plasmarlo en la noche del pasado mi\u00e9rcoles con la <a href=\"http:\/\/centraldeportes.com.ar\/estudiantes-sigue-de-racha-y-festejo-en-su-vuelta-al-maxi\/\">victoria ante el \u201ctricolor\u201d<\/a>, sumando as\u00ed su quinto triunfo consecutivo. <em>\u201cEstamos muy contentos por el triunfo, Villa Mitre es un rival recontra dif\u00edcil y es una de los m\u00e1s s\u00f3lidos de la Conferencia Sur\u201d, <\/em>se\u00f1al\u00f3 el ex Ciclista y continu\u00f3: <em>\u201cPudimos hacer un gran partido, en un momento le sacamos 20 puntos de diferencia y eso nos dio tranquilidad para poder cerrarlo de la mejor manera jugando de local en el \u201cMaxi\u201d con toda la gente\u201d.<\/em><\/p>\n<p><em>\u00a0<\/em><\/p>\n<p>La faceta defensiva fue quiz\u00e1 de lo m\u00e1s s\u00f3lido que mostr\u00f3 el elenco guiado t\u00e9cnicamente por Cristian Colli, factor que fueron puliendo a medida que avanz\u00f3 la temporada: <em>\u201cPartido a partido fuimos mejorando el rendimiento del equipo y creo que hoy en d\u00eda se est\u00e1n dando esos resultados que gracias a Dios cada vez nos salen mejor y se ve plasmado en la cancha\u201d, <\/em>explic\u00f3 Battistino y adem\u00e1s agreg\u00f3: <em>\u201c<strong>Somos un equipo que se pasa mucho la pelota en el que cualquiera puede meter goles y eso nos da mucha confianza para lo que viene. Hoy en d\u00eda estamos muy a gusto con nuestro juego<\/strong>\u201d<\/em>, se\u00f1al\u00f3 el jugador \u201cbataraz\u201d que contribuy\u00f3 en la victoria con 7 puntos, 2 rebotes y 1 recuperaci\u00f3n.<\/p>\n<p>&nbsp;<\/p>\n<p><img data-recalc-dims=\"1\" loading=\"lazy\" decoding=\"async\" class=\"alignnone size-full wp-image-10696\" src=\"https:\/\/i0.wp.com\/centraldeportes.com.ar\/wp-content\/uploads\/2022\/01\/1-1.png?resize=800%2C533\" alt=\"\" width=\"800\" height=\"533\" \/><\/p>\n<p>&nbsp;<\/p>\n<p><em>\u201cLa lesi\u00f3n de \u201cTuti\u201d Ruiz fue un baj\u00f3n an\u00edmico para todo el equipo. <strong>La llegada de Alejo Andr\u00e9s fue buena, se adapt\u00f3 r\u00e1pido y nos dio una mano muy grande; ahora con la llegada de \u201cMati\u201d Aristu sumamos jerarqu\u00eda y recambio con un jugador que tiene mucha experiencia en Liga Argentina y que tambi\u00e9n ha jugado Liga Nacional<\/strong>\u201d<\/em>, cont\u00f3 respecto a las nuevas caras que se sumaron al equipo durante el transcurso de la temporada.<\/p>\n<p>&nbsp;<\/p>\n<p>Si bien falta para que culmine la fase regular, el escolta de Estudiantes sostuvo que el objetivo m\u00e1s cercano es \u201c<em><strong>poder entrar a los playoffs y escalar en la tabla lo m\u00e1s alto posible<\/strong> para que hipot\u00e9ticamente podamos tener la ventaja de la local\u00eda\u201d, <\/em>y adem\u00e1s para finalizar cerr\u00f3: \u201c<em>Agradezco a la gente del \u201cbata\u201d que siempre viene a alentar y que apoya al equipo; eso nos hace sentir realmente muy c\u00f3modos\u201d.<\/em><\/p>\n","protected":false},"excerpt":{"rendered":"<p>El escolta de Estudiantes brind\u00f3 sus declaraciones luego del triunfo ante Villa Mitre por 79 a 64 en el \u201cMaxi\u201d.<\/p>\n","protected":false},"author":96739694,"featured_media":0,"comment_status":"closed","ping_status":"closed","sticky":false,"template":"","format":"standard","meta":{"_jetpack_memberships_contains_paid_content":false,"footnotes":""},"categories":[31,32,1],"tags":[],"class_list":["post-10687","post","type-post","status-publish","format-standard","hentry","category-basquet","category-liga-argentina","category-portada"],"jetpack_featured_media_url":"","jetpack_sharing_enabled":true,"_links":{"self":[{"href":"https:\/\/cdnoticias.com\/index.php\/wp-json\/wp\/v2\/posts\/10687","targetHints":{"allow":["GET"]}}],"collection":[{"href":"https:\/\/cdnoticias.com\/index.php\/wp-json\/wp\/v2\/posts"}],"about":[{"href":"https:\/\/cdnoticias.com\/index.php\/wp-json\/wp\/v2\/types\/post"}],"author":[{"embeddable":true,"href":"https:\/\/cdnoticias.com\/index.php\/wp-json\/wp\/v2\/users\/96739694"}],"replies":[{"embeddable":true,"href":"https:\/\/cdnoticias.com\/index.php\/wp-json\/wp\/v2\/comments?post=10687"}],"version-history":[{"count":0,"href":"https:\/\/cdnoticias.com\/index.php\/wp-json\/wp\/v2\/posts\/10687\/revisions"}],"wp:attachment":[{"href":"https:\/\/cdnoticias.com\/index.php\/wp-json\/wp\/v2\/media?parent=10687"}],"wp:term":[{"taxonomy":"category","embeddable":true,"href":"https:\/\/cdnoticias.com\/index.php\/wp-json\/wp\/v2\/categories?post=10687"},{"taxonomy":"post_tag","embeddable":true,"href":"https:\/\/cdnoticias.com\/index.php\/wp-json\/wp\/v2\/tags?post=10687"}],"curies":[{"name":"wp","href":"https:\/\/api.w.org\/{rel}","templated":true}]}}