{"id":106842,"date":"2024-01-16T11:58:00","date_gmt":"2024-01-16T14:58:00","guid":{"rendered":"https:\/\/cdnoticias.com\/?p=106842"},"modified":"2024-01-16T18:32:55","modified_gmt":"2024-01-16T21:32:55","slug":"maximiliano-wesner-reunio-al-gabinete-y-busco-sumar-proveedores-al-municipio","status":"publish","type":"post","link":"https:\/\/cdnoticias.com\/index.php\/2024\/01\/16\/maximiliano-wesner-reunio-al-gabinete-y-busco-sumar-proveedores-al-municipio\/","title":{"rendered":"Maximiliano Wesner reuni\u00f3 al Gabinete y busc\u00f3 sumar proveedores al Municipio"},"content":{"rendered":"<p>El intendente encabez\u00f3 una mesa de trabajo. Reiter\u00f3 los ejes de gesti\u00f3n y apunt\u00f3 al d\u00e9ficit municipal y los costos. Pidi\u00f3 a los funcionarios \u201cinvitar a que se inscriban como proveedores, aquellos rubros con los que trabajamos diariamente\u201d.<\/p>\n<p><!--more--><\/p>\n<hr \/>\n<p>En el inicio de la ma\u00f1ana de este martes<strong> el intendente municipal Maximiliano Wesner encabez\u00f3 una mesa de trabajo<\/strong> que se desarroll\u00f3 en el Sal\u00f3n Blanco del Palacio San Mart\u00edn, donde fueron <strong>convocados todos los secretarios\/as, subsecretarios\/as y directores\/as<\/strong> que integran el gabinete municipal.<\/p>\n<p>Se comunic\u00f3 oficialmente que en la ocasi\u00f3n<strong> el jefe comunal comparti\u00f3 y explic\u00f3 lineamientos de trabajo<\/strong> para aplicar en la labor diaria, con el foco en la participaci\u00f3n y apertura a la comunidad, como as\u00ed tambi\u00e9n en la<strong> \u201causteridad y compromiso que ha quedado plasmado desde el inicio de la gesti\u00f3n\u201d<\/strong>. Es por ello que Wesner <strong>pidi\u00f3 aplicar \u201cesa misma convicci\u00f3n en la continuidad de la tarea\u201d<\/strong>, poniendo el \u00e9nfasis tambi\u00e9n en la importancia del trabajo de cada trabajador y trabajadora municipal.<\/p>\n<p>Adem\u00e1s de reiterar el agradecimiento a cada uno de los presentes, el intendente del Partido de Olavarr\u00eda aprovech\u00f3 la ocasi\u00f3n para <strong>ahondar en cuestiones administrativas para \u201cpoder gestionar, poder parar y poner de pie a la Municipalidad, por el d\u00e9ficit que hemos heredado<\/strong>, pero tambi\u00e9n por el compromiso de cada ma\u00f1ana, el compromiso de cada tarde, porque est\u00e1n a disposici\u00f3n todo el d\u00eda. Sinceramente cuando tuvimos tres temporales en menos de 72 horas cada uno de ustedes estuvo al pie del ca\u00f1\u00f3n, han demostrado que no nos hemos equivocado a la hora de elegir el gabinete\u201d, enfatiz\u00f3.<\/p>\n<blockquote><p>En esa misma l\u00ednea, pidi\u00f3 a funcionarios \u201cinvitar a que se inscriban como proveedores, aquellos rubros con los que trabajamos diariamente, sobre todo en este contexto donde necesitamos buscar el mejor precio, tiene que ver con la transparencia, con la austeridad, con el orden que necesitamos darle a este tipo de circuitos\u201d.<\/p><\/blockquote>\n<p>Por \u00faltimo, \u201cWesner mencion\u00f3 como banderas de la gesti\u00f3n no s\u00f3lo <em>la austeridad, sino tambi\u00e9n el compromiso, la responsabilidad, la necesidad del trabajo en equipo, la capacidad de fijar prioridades<\/em> pero tambi\u00e9n la importancia de invocar a la participaci\u00f3n de la comunidad, de un mayor n\u00famero de proveedores y por ende una mejor competencia de precios\u201d se inform\u00f3 desde el Municipio tras el encuentro.<\/p>\n<p><em>\u201cDa gusto y placer venir todas las ma\u00f1anas cuando sabemos que estamos a la par, el compromiso sabemos que est\u00e1 y eso se valora much\u00edsimo\u201d<\/em>, concluy\u00f3.<\/p>\n<h2>Inscripci\u00f3n proveedores<\/h2>\n<p>Se record\u00f3 que la<strong> inscripci\u00f3n de proveedores<\/strong> puede realizarse de manera virtual a trav\u00e9s del portal de Gobierno Abierto (<a href=\"https:\/\/gobiernoabierto.olavarria.gov.ar\/tramites-y-servicios\/inscripcion-como-proveedor-municipal\/\" target=\"_blank\" rel=\"noopener\">haciendo click aqu\u00ed<\/a>), donde podr\u00e1n descargarse los formularios necesarios para completar el tr\u00e1mite.<\/p>\n<p>Desde la Direcci\u00f3n de Compras se explic\u00f3 que tanto el documento para la constituci\u00f3n de domicilio electr\u00f3nico como la Declaraci\u00f3n Jurada de Prestaci\u00f3n de Servicios pueden ser solicitados en la oficina ubicada en el primer piso del Palacio Municipal. Por consultas e inquietudes pueden acercarse en el horario de 7 a 13 horas, enviar un correo electr\u00f3nico a compras@olavarria.gob.ar o al tel\u00e9fono 440442 interno 1100.<\/p>\n","protected":false},"excerpt":{"rendered":"<p>El intendente encabez\u00f3 una mesa de trabajo. Reiter\u00f3 los ejes de gesti\u00f3n y apunt\u00f3 al d\u00e9ficit municipal y los costos.<\/p>\n","protected":false},"author":4,"featured_media":106843,"comment_status":"closed","ping_status":"closed","sticky":false,"template":"","format":"standard","meta":{"_jetpack_memberships_contains_paid_content":false,"footnotes":""},"categories":[4,1],"tags":[],"class_list":["post-106842","post","type-post","status-publish","format-standard","has-post-thumbnail","hentry","category-politica","category-portada"],"jetpack_featured_media_url":"https:\/\/i0.wp.com\/cdnoticias.com\/wp-content\/uploads\/2024\/01\/gabinete-municipal-wesner-1.jpg?fit=1000%2C556&ssl=1","jetpack_sharing_enabled":true,"_links":{"self":[{"href":"https:\/\/cdnoticias.com\/index.php\/wp-json\/wp\/v2\/posts\/106842","targetHints":{"allow":["GET"]}}],"collection":[{"href":"https:\/\/cdnoticias.com\/index.php\/wp-json\/wp\/v2\/posts"}],"about":[{"href":"https:\/\/cdnoticias.com\/index.php\/wp-json\/wp\/v2\/types\/post"}],"author":[{"embeddable":true,"href":"https:\/\/cdnoticias.com\/index.php\/wp-json\/wp\/v2\/users\/4"}],"replies":[{"embeddable":true,"href":"https:\/\/cdnoticias.com\/index.php\/wp-json\/wp\/v2\/comments?post=106842"}],"version-history":[{"count":0,"href":"https:\/\/cdnoticias.com\/index.php\/wp-json\/wp\/v2\/posts\/106842\/revisions"}],"wp:featuredmedia":[{"embeddable":true,"href":"https:\/\/cdnoticias.com\/index.php\/wp-json\/wp\/v2\/media\/106843"}],"wp:attachment":[{"href":"https:\/\/cdnoticias.com\/index.php\/wp-json\/wp\/v2\/media?parent=106842"}],"wp:term":[{"taxonomy":"category","embeddable":true,"href":"https:\/\/cdnoticias.com\/index.php\/wp-json\/wp\/v2\/categories?post=106842"},{"taxonomy":"post_tag","embeddable":true,"href":"https:\/\/cdnoticias.com\/index.php\/wp-json\/wp\/v2\/tags?post=106842"}],"curies":[{"name":"wp","href":"https:\/\/api.w.org\/{rel}","templated":true}]}}