{"id":106832,"date":"2024-01-16T19:07:39","date_gmt":"2024-01-16T22:07:39","guid":{"rendered":"https:\/\/cdnoticias.com\/?p=106832"},"modified":"2024-01-16T19:07:41","modified_gmt":"2024-01-16T22:07:41","slug":"legisladores-bonaerenses-de-la-ucr-piden-que-no-se-elimine-el-regimen-de-zona-fria","status":"publish","type":"post","link":"https:\/\/cdnoticias.com\/index.php\/2024\/01\/16\/legisladores-bonaerenses-de-la-ucr-piden-que-no-se-elimine-el-regimen-de-zona-fria\/","title":{"rendered":"Legisladores bonaerenses de la UCR piden que no se elimine el r\u00e9gimen de \u201cZona Fr\u00eda\u201d"},"content":{"rendered":"<p>Una senadora y un diputado de la Sexta secci\u00f3n impulsaron proyectos donde plantearon que casi 1,24 millones de usuarios se ver\u00e1n afectados en la Provincia.<\/p>\n<p><!--more--><\/p>\n<hr \/>\n<p><strong>Legisladores bonaerenses del bloque de la UCR + Cambio Federal<\/strong> presentaron <strong>proyectos para expresar su profunda preocupaci\u00f3n<\/strong> ante la posibilidad de que <strong>el Ejecutivo Nacional elimine el r\u00e9gimen de \u201cZona Fr\u00eda\u201d para tarifa de gas<\/strong>, y consideraron que ello <strong>perjudicar\u00eda a vecinos de unos 90 municipios de la provincia<\/strong> de Buenos Aires. M\u00e1s all\u00e1 de las subas que se esperan, <a href=\"https:\/\/cdnoticias.com\/index.php\/2024\/01\/11\/facturas-de-gas-liliana-schwindt-advirtio-que-peligra-la-ley-de-zona-fria\/\" target=\"_blank\" rel=\"noopener\">las facturas se encarecer\u00edan entre 30% y 50%<\/a>.<\/p>\n<p>Las iniciativas parlamentarias fueron presentadas por la<strong> senadora Nerina Neumann<\/strong> y por el <strong>diputado Emiliano Balb\u00edn<\/strong>, ambos de la<strong> Sexta secci\u00f3n electoral<\/strong>, en el sur bonaerense, y adem\u00e1s <strong>solicitaron al Congreso \u201cno modificar cuestiones atinentes a Ley 25.565 (R\u00e9gimen de Zona Fr\u00eda)\u201d.<\/strong><\/p>\n<blockquote><p>\u201cDe acuerdo al proyecto de Ley Bases y Punto de Partida enviado por el Poder Ejecutivo Nacional y actualmente en tratamiento en el Congreso de la Naci\u00f3n, se encuentra en su articulado la posibilidad de modificar, transformar y\/o eliminar los fondos fiduciarios del sector energ\u00e9tico, inclusive los destinados a subsidios\u201d, se\u00f1alaron los legisladores. Y agregaron que \u201cesto pone en riesgo el Fondo Fiduciario para Subsidios de Consumos Residenciales de Gas el cual lleva adelante el R\u00e9gimen de Zona Fr\u00eda de la Rep\u00fablica Argentina\u201d.<\/p><\/blockquote>\n<blockquote class=\"wp-embedded-content\" data-secret=\"CVPdGklGAb\"><p><a href=\"https:\/\/cdnoticias.com\/index.php\/2024\/01\/11\/facturas-de-gas-liliana-schwindt-advirtio-que-peligra-la-ley-de-zona-fria\/\">Facturas de gas: Liliana Schwindt advirti\u00f3 que \u201cpeligra la Ley de Zona Fr\u00eda\u201d<\/a><\/p><\/blockquote>\n<p><iframe loading=\"lazy\" class=\"wp-embedded-content\" sandbox=\"allow-scripts\" security=\"restricted\" style=\"position: absolute; clip: rect(1px, 1px, 1px, 1px);\" title=\"&#8220;Facturas de gas: Liliana Schwindt advirti\u00f3 que \u201cpeligra la Ley de Zona Fr\u00eda\u201d&#8221; &#8212; Central de Noticias | Olavarr\u00eda\" src=\"https:\/\/cdnoticias.com\/index.php\/2024\/01\/11\/facturas-de-gas-liliana-schwindt-advirtio-que-peligra-la-ley-de-zona-fria\/embed\/#?secret=1ogCEU5NVN#?secret=CVPdGklGAb\" data-secret=\"CVPdGklGAb\" width=\"600\" height=\"338\" frameborder=\"0\" marginwidth=\"0\" marginheight=\"0\" scrolling=\"no\"><\/iframe><\/p>\n<blockquote><p>Los legisladores remarcaron que \u201cla provincia de Buenos Aires pas\u00f3 de tener 11.200 usuarios y usuarias beneficiadas a casi 1,24 millones. Esta cantidad representa un 31% de los usuarios de gas por redes de esta jurisdicci\u00f3n y se estima en m\u00e1s de 3,5 millones de personas (22% de la poblaci\u00f3n)\u201d.<\/p><\/blockquote>\n<p><strong>\u201cEste beneficio implica un 30% o 50% de descuento sobre los cuadros tarifarios\u201d, indicaron Neumann y Balb\u00edn<\/strong> y advirtieron que \u201cla eliminaci\u00f3n de este beneficio entonces redundar\u00eda en un <strong>gran impacto para los bolsillos de la mayor\u00eda de los vecinos de la Provincia<\/strong>, en un contexto de alt\u00edsima inflaci\u00f3n y ajuste, y encima con el invierno por delante\u201d.<\/p>\n","protected":false},"excerpt":{"rendered":"<p>Una senadora y un diputado de la Sexta secci\u00f3n impulsaron proyectos donde plantearon que casi 1,24 millones de usuarios se<\/p>\n","protected":false},"author":4,"featured_media":106833,"comment_status":"closed","ping_status":"closed","sticky":false,"template":"","format":"standard","meta":{"_jetpack_memberships_contains_paid_content":false,"footnotes":""},"categories":[6,1],"tags":[],"class_list":["post-106832","post","type-post","status-publish","format-standard","has-post-thumbnail","hentry","category-nacionales","category-portada"],"jetpack_featured_media_url":"https:\/\/i0.wp.com\/cdnoticias.com\/wp-content\/uploads\/2024\/01\/nerina-neumann-y-emiliano-balbin.jpg?fit=1000%2C556&ssl=1","jetpack_sharing_enabled":true,"_links":{"self":[{"href":"https:\/\/cdnoticias.com\/index.php\/wp-json\/wp\/v2\/posts\/106832","targetHints":{"allow":["GET"]}}],"collection":[{"href":"https:\/\/cdnoticias.com\/index.php\/wp-json\/wp\/v2\/posts"}],"about":[{"href":"https:\/\/cdnoticias.com\/index.php\/wp-json\/wp\/v2\/types\/post"}],"author":[{"embeddable":true,"href":"https:\/\/cdnoticias.com\/index.php\/wp-json\/wp\/v2\/users\/4"}],"replies":[{"embeddable":true,"href":"https:\/\/cdnoticias.com\/index.php\/wp-json\/wp\/v2\/comments?post=106832"}],"version-history":[{"count":0,"href":"https:\/\/cdnoticias.com\/index.php\/wp-json\/wp\/v2\/posts\/106832\/revisions"}],"wp:featuredmedia":[{"embeddable":true,"href":"https:\/\/cdnoticias.com\/index.php\/wp-json\/wp\/v2\/media\/106833"}],"wp:attachment":[{"href":"https:\/\/cdnoticias.com\/index.php\/wp-json\/wp\/v2\/media?parent=106832"}],"wp:term":[{"taxonomy":"category","embeddable":true,"href":"https:\/\/cdnoticias.com\/index.php\/wp-json\/wp\/v2\/categories?post=106832"},{"taxonomy":"post_tag","embeddable":true,"href":"https:\/\/cdnoticias.com\/index.php\/wp-json\/wp\/v2\/tags?post=106832"}],"curies":[{"name":"wp","href":"https:\/\/api.w.org\/{rel}","templated":true}]}}