{"id":106778,"date":"2024-01-15T18:00:09","date_gmt":"2024-01-15T21:00:09","guid":{"rendered":"https:\/\/cdnoticias.com\/?p=106778"},"modified":"2024-01-15T20:36:38","modified_gmt":"2024-01-15T23:36:38","slug":"farmacias-con-menos-ventas-y-riesgo-de-sustentabilidad","status":"publish","type":"post","link":"https:\/\/cdnoticias.com\/index.php\/2024\/01\/15\/farmacias-con-menos-ventas-y-riesgo-de-sustentabilidad\/","title":{"rendered":"Farmacias, con menos ventas y riesgo de sustentabilidad"},"content":{"rendered":"<p>El presidente del Colegio de Farmac\u00e9utico de Olavarr\u00eda, Fernando Bueno, plante\u00f3 el duro panorama que atraviesa el sector. El acceso a los medicamentos y la cadena de pago de las obras sociales.<\/p>\n<p><!--more--><\/p>\n<hr \/>\n<p>El <strong>presidente del Colegio de Farmac\u00e9utico de Olavarr\u00eda, Fernando Bueno<\/strong>, plante\u00f3 el <strong>duro panorama que atraviesa el sector<\/strong> y que incluye tambi\u00e9n la <strong>dificultad de la ciudadan\u00eda para acceder a la compra de medicamentos<\/strong>. Acerca del comportamiento de los clientes tras la suba de precios de los \u00faltimos meses, <strong>el farmac\u00e9utico confirm\u00f3 que \u201cha disminuido la cantidad de unidades que se venden\u201d<\/strong> en una <em>entrevista con el programa Levantate por FM Sapiens.<\/em><\/p>\n<p>&nbsp; <\/p>\n<p>En ese marco, Bueno aclar\u00f3 que<strong> \u201ces dif\u00edcil hacer un seguimiento real\u201d del aumento de los precios<\/strong> aunque consider\u00f3 que <strong>las subas \u201cse van moderando\u201d<\/strong>. Plante\u00f3 con ello que \u201ceste mes hemos tenido aumentos en general por debajo de la inflaci\u00f3n. Pero no es muy parejo\u201d para explicar que cada laboratorio muestra diferente estrategia de modificaci\u00f3n de precios que puede incluir hasta dos aumentos consecutivos.<\/p>\n<p>&nbsp; <\/p>\n<p><strong>\u201cEs muy dif\u00edcil encontrar un equilibrio\u201d defini\u00f3 sobre el sostenimiento de la actividad<\/strong> en el expendio al consumidor y el cobro a las obras sociales. Apunt\u00f3 con ello a los plazos entre que se efect\u00faa la venta y que efectivamente perciben el pago de las farmacias. \u201cLa mayor\u00eda de las obras sociales tienen presentaci\u00f3n mensual, o sea que est\u00e1 en un mes en el caj\u00f3n la factura y un promedio entre 45 y 60 d\u00edas para cobrar, en el mejor de los casos. Entonces <strong>estamos hablando de 70 d\u00edas en los cuales la inflaci\u00f3n avanza. Es muy complejo financiar eso\u201d<\/strong> dijo.<\/p>\n<p>&nbsp; <\/p>\n<blockquote><p>Consultado tambi\u00e9n por el retiro de los usuarios de las obras sociales, el presidente del Colegio de Farmac\u00e9uticos de Olavarr\u00eda sostuvo que \u201cha disminuido la cantidad de unidades que se venden\u201d, tendencia en la que incluy\u00f3 los medicamentos recetados. \u201cM\u00e1s all\u00e1 de pedir una sustituci\u00f3n por algo m\u00e1s econ\u00f3mico, hay gente que no lo puede llevar\u201d se lament\u00f3.<\/p><\/blockquote>\n<p>&nbsp; <\/p>\n<p>Avanz\u00f3 a exponer la dificultad de mantener un negocio de este rubro y afirm\u00f3 <strong>\u201cno hay forma, como est\u00e1n los convenios y como es la cadena de pagos. A esto ya lo vivimos en la d\u00e9cada del 90.<\/strong> Para m\u00ed la d\u00e9cada del 90 fue la d\u00e9cada del descubierto: tuvimos que subsistir con plata prestada, entre comillas, y ya se sabe todos los costos y lo que implica tener una cuenta en rojo en el banco\u201d. El farmac\u00e9utico subray\u00f3 que \u201ces una situaci\u00f3n muy compleja\u201d.<\/p>\n<p>&nbsp; <\/p>\n<p>En referencia a la gesti\u00f3n estatal consider\u00f3 que \u201chasta el momento, en lo que es seguridad social, no hubo ning\u00fan tipo de cambio. <strong>Va a ser muy dif\u00edcil seguir financiando la obra social<\/strong>, que la gente tenga acceso al medicamento por medio de la obra social. Ser\u00e1 un corto plazo si no hay alg\u00fan cambio\u201d.<\/p>\n<p>&nbsp; <\/p>\n<h2>Los cambios del DNU: \u201cuna locura\u201d<\/h2>\n<p>&nbsp; <\/p>\n<p>A fines de diciembre, la <strong>Confederaci\u00f3n Farmac\u00e9utica Argentina (COFA) impuls\u00f3 una medida de fuerza en contra de las modificaciones comerciales para el sector<\/strong> que impuls\u00f3 el presidente Javier Milei a trav\u00e9s del DNU y el proyecto de Ley \u00d3mnibus. <a href=\"https:\/\/cdnoticias.com\/index.php\/2023\/12\/29\/farmacias-de-la-ciudad-adhirieron-al-cierre-de-una-hora-en-respuesta-al-dnu\/\" target=\"_blank\" rel=\"noopener\">En Olavarr\u00eda hubo adhesi\u00f3n a la protesta que consisti\u00f3 en una hora de cierre de farmacias<\/a>.<\/p>\n<p>&nbsp; <\/p>\n<p>Fernando Bueno fue consultado sobre el tema. <strong>Consider\u00f3 \u201cuna locura\u201d<\/strong> tanto la potencial venta de medicamentos en comercios que no pertenecen al rubro farmacia, como la eliminaci\u00f3n de la obligatoriedad de que las farmacias sean atendidas por un profesional farmac\u00e9utico para el expendio de medicamentos.<\/p>\n<p>&nbsp; <\/p>\n<blockquote><p>\u201cVolvemos a la d\u00e9cada del 90 cuando (el entonces ministro de Econom\u00eda, Domingo) Cavallo desregul\u00f3. La venta libre es una mala interpretaci\u00f3n porque no deja de ser un medicamento que puede tener beneficios o perjuicios para la salud. Y el hecho de la presencia o no del farmac\u00e9utico, eso en realidad apunta otros intereses del DNU, a que grupos ajenos a la salud puedan tener farmacias. Busca que grupos de empresarios, teniendo un farmac\u00e9utico pueden tener 30 farmacias\u201d argument\u00f3 su postura.<\/p><\/blockquote>\n<p>&nbsp; <\/p>\n<p>En tanto, tuvo en cuenta que si bien actualmente se mantiene la <strong>prohibici\u00f3n de que las sociedades an\u00f3nimas puedan ser titulares de farmacias en la provincia de<\/strong> <strong>Buenos Aires<\/strong>, es uno de los cambios contemplados por el Ejecutivo Nacional. \u201cEn la provincia hoy por hoy est\u00e1 la ley que proh\u00edbe las sociedades an\u00f3nimas. Pero con el DNU tranquilamente puede pasar, porque cambia un mont\u00f3n de cuestiones entre ellas qui\u00e9n puede ser propietario de una farmacia. En la provincia de Buenos Aires hay varias figuras que pueden ser propietarios de farmacia, pero no contempla las sociedades an\u00f3nimas, como es como Farmacity y otro tipo de cadenas\u201d indic\u00f3.<\/p>\n<p>&nbsp; <\/p>\n<p>Por \u00faltimo, Bueno se refiri\u00f3 tambi\u00e9n a que el decreto presidencial afecta a otro sector vinculado que es producci\u00f3n de medicamentos desde laboratorios p\u00fablicos, sobre lo que consider\u00f3 que tambi\u00e9n afectar\u00e1 a la salud p\u00fablica. <strong>\u201cSe va a involucrar en la salud la producci\u00f3n p\u00fablica de medicamentos. Eso se ha hablado poco y es un tema complejo porque no solamente ayuda en esta \u00e9poca de crisis.<\/strong> Hay muchos medicamentos de enfermedades raras -por decirlo as\u00ed- que solo lo producen en producci\u00f3n local en hospitales. Esa parte estar\u00eda afectada, as\u00ed que es complejo el DNU cuando abarca tantas cosas que hacen a la salud\u201d.<\/p>\n<p>&nbsp; <\/p>\n","protected":false},"excerpt":{"rendered":"<p>El presidente del Colegio de Farmac\u00e9utico de Olavarr\u00eda, Fernando Bueno, plante\u00f3 el duro panorama que atraviesa el sector. El acceso<\/p>\n","protected":false},"author":4,"featured_media":70483,"comment_status":"closed","ping_status":"closed","sticky":false,"template":"","format":"standard","meta":{"_jetpack_memberships_contains_paid_content":false,"footnotes":""},"categories":[5,1],"tags":[],"class_list":["post-106778","post","type-post","status-publish","format-standard","has-post-thumbnail","hentry","category-informacion-general","category-portada"],"jetpack_featured_media_url":"https:\/\/i0.wp.com\/cdnoticias.com\/wp-content\/uploads\/2022\/11\/DIB-medicamento-farmacia.jpg?fit=696%2C344&ssl=1","jetpack_sharing_enabled":true,"_links":{"self":[{"href":"https:\/\/cdnoticias.com\/index.php\/wp-json\/wp\/v2\/posts\/106778","targetHints":{"allow":["GET"]}}],"collection":[{"href":"https:\/\/cdnoticias.com\/index.php\/wp-json\/wp\/v2\/posts"}],"about":[{"href":"https:\/\/cdnoticias.com\/index.php\/wp-json\/wp\/v2\/types\/post"}],"author":[{"embeddable":true,"href":"https:\/\/cdnoticias.com\/index.php\/wp-json\/wp\/v2\/users\/4"}],"replies":[{"embeddable":true,"href":"https:\/\/cdnoticias.com\/index.php\/wp-json\/wp\/v2\/comments?post=106778"}],"version-history":[{"count":0,"href":"https:\/\/cdnoticias.com\/index.php\/wp-json\/wp\/v2\/posts\/106778\/revisions"}],"wp:featuredmedia":[{"embeddable":true,"href":"https:\/\/cdnoticias.com\/index.php\/wp-json\/wp\/v2\/media\/70483"}],"wp:attachment":[{"href":"https:\/\/cdnoticias.com\/index.php\/wp-json\/wp\/v2\/media?parent=106778"}],"wp:term":[{"taxonomy":"category","embeddable":true,"href":"https:\/\/cdnoticias.com\/index.php\/wp-json\/wp\/v2\/categories?post=106778"},{"taxonomy":"post_tag","embeddable":true,"href":"https:\/\/cdnoticias.com\/index.php\/wp-json\/wp\/v2\/tags?post=106778"}],"curies":[{"name":"wp","href":"https:\/\/api.w.org\/{rel}","templated":true}]}}