{"id":106757,"date":"2024-01-15T17:07:16","date_gmt":"2024-01-15T20:07:16","guid":{"rendered":"https:\/\/cdnoticias.com\/?p=106757"},"modified":"2024-01-15T17:07:18","modified_gmt":"2024-01-15T20:07:18","slug":"el-intendente-wesner-participo-de-la-59a-fiesta-de-reyes-magos","status":"publish","type":"post","link":"https:\/\/cdnoticias.com\/index.php\/2024\/01\/15\/el-intendente-wesner-participo-de-la-59a-fiesta-de-reyes-magos\/","title":{"rendered":"El intendente Wesner particip\u00f3 de la 59\u00aa Fiesta de Reyes Magos"},"content":{"rendered":"<p>Sierras Bayas fue sede del tradicional evento, organizado por instituciones de la comunidad y que reuni\u00f3 a una multitud.<\/p>\n<p><!--more--><\/p>\n<hr \/>\n<p><a href=\"https:\/\/cdnoticias.com\/index.php\/2024\/01\/15\/los-reyes-magos-llegaron-a-sierras-bayas\/\" target=\"_blank\" rel=\"noopener\">Tal como se inform\u00f3<\/a>, este domingo por la noche <strong>Sierras Bayas vivi\u00f3 una verdadera fiesta con la tradicional bajada de los Reyes Magos<\/strong> que convoc\u00f3 a una multitud, como ocurre en cada edici\u00f3n.<\/p>\n<p>El <strong>intendente Maximiliano Wesner<\/strong> particip\u00f3 de la 59\u00aa Fiesta de Reyes Magos.<\/p>\n<p><strong>El jefe comunal dialog\u00f3 con vecinos y vecinas de la localidad<\/strong>, en el marco del evento organizado por Asociaci\u00f3n Civil Fiesta Reyes Magos de la Parroquia \u201cCristo Rey\u201d.<\/p>\n<p><img data-recalc-dims=\"1\" loading=\"lazy\" decoding=\"async\" class=\"alignnone size-full wp-image-106758\" src=\"https:\/\/i0.wp.com\/cdnoticias.com\/wp-content\/uploads\/2024\/01\/fiesta-de-reyes-2023-sierras-bayas-00.jpg?resize=800%2C445&#038;ssl=1\" alt=\"\" width=\"800\" height=\"445\" srcset=\"https:\/\/i0.wp.com\/cdnoticias.com\/wp-content\/uploads\/2024\/01\/fiesta-de-reyes-2023-sierras-bayas-00.jpg?w=1000&amp;ssl=1 1000w, https:\/\/i0.wp.com\/cdnoticias.com\/wp-content\/uploads\/2024\/01\/fiesta-de-reyes-2023-sierras-bayas-00.jpg?resize=300%2C167&amp;ssl=1 300w, https:\/\/i0.wp.com\/cdnoticias.com\/wp-content\/uploads\/2024\/01\/fiesta-de-reyes-2023-sierras-bayas-00.jpg?resize=768%2C427&amp;ssl=1 768w, https:\/\/i0.wp.com\/cdnoticias.com\/wp-content\/uploads\/2024\/01\/fiesta-de-reyes-2023-sierras-bayas-00.jpg?resize=800%2C445&amp;ssl=1 800w\" sizes=\"auto, (max-width: 800px) 100vw, 800px\" \/><\/p>\n<p><img data-recalc-dims=\"1\" loading=\"lazy\" decoding=\"async\" class=\"alignnone size-full wp-image-106760\" src=\"https:\/\/i0.wp.com\/cdnoticias.com\/wp-content\/uploads\/2024\/01\/fiesta-de-reyes-2023-sierras-bayas-02.jpg?resize=800%2C445&#038;ssl=1\" alt=\"\" width=\"800\" height=\"445\" srcset=\"https:\/\/i0.wp.com\/cdnoticias.com\/wp-content\/uploads\/2024\/01\/fiesta-de-reyes-2023-sierras-bayas-02.jpg?w=1000&amp;ssl=1 1000w, https:\/\/i0.wp.com\/cdnoticias.com\/wp-content\/uploads\/2024\/01\/fiesta-de-reyes-2023-sierras-bayas-02.jpg?resize=300%2C167&amp;ssl=1 300w, https:\/\/i0.wp.com\/cdnoticias.com\/wp-content\/uploads\/2024\/01\/fiesta-de-reyes-2023-sierras-bayas-02.jpg?resize=768%2C427&amp;ssl=1 768w, https:\/\/i0.wp.com\/cdnoticias.com\/wp-content\/uploads\/2024\/01\/fiesta-de-reyes-2023-sierras-bayas-02.jpg?resize=800%2C445&amp;ssl=1 800w\" sizes=\"auto, (max-width: 800px) 100vw, 800px\" \/><\/p>\n<blockquote><p>\u201cSe trata de una las fiestas m\u00e1s convocantes de la provincia de Buenos Aires, que cuenta con una programaci\u00f3n con distintos espect\u00e1culos para toda la familia, con una fuerte apuesta de artistas locales\u201d remarc\u00f3 la Municipalidad.<\/p><\/blockquote>\n<p>La fiesta comenz\u00f3 por la tarde con la apertura de la feria de artesanos y las presentaciones de Juan Carlos Banegas, Banda Tijuana, El Chugo Amor y el Grupo Los Chuma. El espect\u00e1culo destinado para los m\u00e1s chicos, estuvo a cargo de Elvira Cocha.<\/p>\n<p><img data-recalc-dims=\"1\" loading=\"lazy\" decoding=\"async\" class=\"alignnone size-full wp-image-106763\" src=\"https:\/\/i0.wp.com\/cdnoticias.com\/wp-content\/uploads\/2024\/01\/fiesta-de-reyes-2023-sierras-bayas-05.jpg?resize=800%2C445&#038;ssl=1\" alt=\"\" width=\"800\" height=\"445\" srcset=\"https:\/\/i0.wp.com\/cdnoticias.com\/wp-content\/uploads\/2024\/01\/fiesta-de-reyes-2023-sierras-bayas-05.jpg?w=1000&amp;ssl=1 1000w, https:\/\/i0.wp.com\/cdnoticias.com\/wp-content\/uploads\/2024\/01\/fiesta-de-reyes-2023-sierras-bayas-05.jpg?resize=300%2C167&amp;ssl=1 300w, https:\/\/i0.wp.com\/cdnoticias.com\/wp-content\/uploads\/2024\/01\/fiesta-de-reyes-2023-sierras-bayas-05.jpg?resize=768%2C427&amp;ssl=1 768w, https:\/\/i0.wp.com\/cdnoticias.com\/wp-content\/uploads\/2024\/01\/fiesta-de-reyes-2023-sierras-bayas-05.jpg?resize=800%2C445&amp;ssl=1 800w\" sizes=\"auto, (max-width: 800px) 100vw, 800px\" \/><\/p>\n<p><img data-recalc-dims=\"1\" loading=\"lazy\" decoding=\"async\" class=\"alignnone size-full wp-image-106761\" src=\"https:\/\/i0.wp.com\/cdnoticias.com\/wp-content\/uploads\/2024\/01\/fiesta-de-reyes-2023-sierras-bayas-03.jpg?resize=800%2C445&#038;ssl=1\" alt=\"\" width=\"800\" height=\"445\" srcset=\"https:\/\/i0.wp.com\/cdnoticias.com\/wp-content\/uploads\/2024\/01\/fiesta-de-reyes-2023-sierras-bayas-03.jpg?w=1000&amp;ssl=1 1000w, https:\/\/i0.wp.com\/cdnoticias.com\/wp-content\/uploads\/2024\/01\/fiesta-de-reyes-2023-sierras-bayas-03.jpg?resize=300%2C167&amp;ssl=1 300w, https:\/\/i0.wp.com\/cdnoticias.com\/wp-content\/uploads\/2024\/01\/fiesta-de-reyes-2023-sierras-bayas-03.jpg?resize=768%2C427&amp;ssl=1 768w, https:\/\/i0.wp.com\/cdnoticias.com\/wp-content\/uploads\/2024\/01\/fiesta-de-reyes-2023-sierras-bayas-03.jpg?resize=800%2C445&amp;ssl=1 800w\" sizes=\"auto, (max-width: 800px) 100vw, 800px\" \/><\/p>\n<p>Pasadas las 21 horas tuvo lugar la emotiva representaci\u00f3n del pesebre viviente, con la recreaci\u00f3n de los distintos pasajes, para esperar el momento m\u00e1s ansiado por todos: la bajada de los Reyes Magos, el mensaje del Rey Baltasar y la entrega de regalos.<\/p>\n<p>El cierre de la Fiesta de Reyes Magos estuvo a cargo de \u201cLa Familia Berm\u00fadez\u201d que hizo bailar a todo el p\u00fablico, a puro ritmo, en una noche que fue m\u00e1gica.<\/p>\n<p><img data-recalc-dims=\"1\" loading=\"lazy\" decoding=\"async\" class=\"size-full wp-image-106759 aligncenter\" src=\"https:\/\/i0.wp.com\/cdnoticias.com\/wp-content\/uploads\/2024\/01\/fiesta-de-reyes-2023-sierras-bayas-01.jpg?resize=800%2C445&#038;ssl=1\" alt=\"\" width=\"800\" height=\"445\" srcset=\"https:\/\/i0.wp.com\/cdnoticias.com\/wp-content\/uploads\/2024\/01\/fiesta-de-reyes-2023-sierras-bayas-01.jpg?w=1000&amp;ssl=1 1000w, https:\/\/i0.wp.com\/cdnoticias.com\/wp-content\/uploads\/2024\/01\/fiesta-de-reyes-2023-sierras-bayas-01.jpg?resize=300%2C167&amp;ssl=1 300w, https:\/\/i0.wp.com\/cdnoticias.com\/wp-content\/uploads\/2024\/01\/fiesta-de-reyes-2023-sierras-bayas-01.jpg?resize=768%2C427&amp;ssl=1 768w, https:\/\/i0.wp.com\/cdnoticias.com\/wp-content\/uploads\/2024\/01\/fiesta-de-reyes-2023-sierras-bayas-01.jpg?resize=800%2C445&amp;ssl=1 800w\" sizes=\"auto, (max-width: 800px) 100vw, 800px\" \/><\/p>\n","protected":false},"excerpt":{"rendered":"<p>Sierras Bayas fue sede del tradicional evento, organizado por instituciones de la comunidad y que reuni\u00f3 a una multitud.<\/p>\n","protected":false},"author":4,"featured_media":106762,"comment_status":"closed","ping_status":"closed","sticky":false,"template":"","format":"standard","meta":{"_jetpack_memberships_contains_paid_content":false,"footnotes":""},"categories":[9,1],"tags":[],"class_list":["post-106757","post","type-post","status-publish","format-standard","has-post-thumbnail","hentry","category-cultura","category-portada"],"jetpack_featured_media_url":"https:\/\/i0.wp.com\/cdnoticias.com\/wp-content\/uploads\/2024\/01\/fiesta-de-reyes-2023-sierras-bayas-04.jpg?fit=800%2C445&ssl=1","jetpack_sharing_enabled":true,"_links":{"self":[{"href":"https:\/\/cdnoticias.com\/index.php\/wp-json\/wp\/v2\/posts\/106757","targetHints":{"allow":["GET"]}}],"collection":[{"href":"https:\/\/cdnoticias.com\/index.php\/wp-json\/wp\/v2\/posts"}],"about":[{"href":"https:\/\/cdnoticias.com\/index.php\/wp-json\/wp\/v2\/types\/post"}],"author":[{"embeddable":true,"href":"https:\/\/cdnoticias.com\/index.php\/wp-json\/wp\/v2\/users\/4"}],"replies":[{"embeddable":true,"href":"https:\/\/cdnoticias.com\/index.php\/wp-json\/wp\/v2\/comments?post=106757"}],"version-history":[{"count":0,"href":"https:\/\/cdnoticias.com\/index.php\/wp-json\/wp\/v2\/posts\/106757\/revisions"}],"wp:featuredmedia":[{"embeddable":true,"href":"https:\/\/cdnoticias.com\/index.php\/wp-json\/wp\/v2\/media\/106762"}],"wp:attachment":[{"href":"https:\/\/cdnoticias.com\/index.php\/wp-json\/wp\/v2\/media?parent=106757"}],"wp:term":[{"taxonomy":"category","embeddable":true,"href":"https:\/\/cdnoticias.com\/index.php\/wp-json\/wp\/v2\/categories?post=106757"},{"taxonomy":"post_tag","embeddable":true,"href":"https:\/\/cdnoticias.com\/index.php\/wp-json\/wp\/v2\/tags?post=106757"}],"curies":[{"name":"wp","href":"https:\/\/api.w.org\/{rel}","templated":true}]}}