{"id":106734,"date":"2024-01-15T08:33:20","date_gmt":"2024-01-15T11:33:20","guid":{"rendered":"https:\/\/cdnoticias.com\/?p=106734"},"modified":"2024-01-15T11:24:36","modified_gmt":"2024-01-15T14:24:36","slug":"un-hombre-peleo-con-vecinos-y-agredio-a-su-pareja-termino-preso","status":"publish","type":"post","link":"https:\/\/cdnoticias.com\/index.php\/2024\/01\/15\/un-hombre-peleo-con-vecinos-y-agredio-a-su-pareja-termino-preso\/","title":{"rendered":"Un hombre pele\u00f3 con vecinos y agredi\u00f3 a su pareja: termin\u00f3 preso"},"content":{"rendered":"<p>El caso tuvo lugar en barrio Villa Magdalena este domingo. Interviene la UFI 5 especializada en violencia familiar y de g\u00e9nero.<!--more--><\/p>\n<hr \/>\n<p><strong>Un hombre fue aprehendido este domingo<\/strong> en el barrio<strong> Villa Magdalena<\/strong> donde hab\u00eda participado de una <strong>confrontaci\u00f3n vecinal<\/strong> y luego<strong> agredi\u00f3 a su pareja.<\/strong><\/p>\n<p>Seg\u00fan se detall\u00f3, al arribo del personal policial al sector de <strong>Mendoza al 3200<\/strong>, el sospechoso estaba <strong>agrediendo a una mujer de 49 a\u00f1os,<\/strong> quien se estableci\u00f3 que se trataba de su pareja.<\/p>\n<blockquote><p>Ante ello, procedieron a reducir y arrestar el hombre. De esa manera, constataron que presentaba \u201clesiones visibles producto de una confrontaci\u00f3n previa con vecinos del lugar\u201d.<\/p><\/blockquote>\n<p>Cabe se\u00f1alar que el m\u00f3vil del Comando de Patrullas hab\u00eda sido convocado al 911.<\/p>\n<p>Contra el acusado, de 45 a\u00f1os, se iniciaron actuaciones por <strong>\u201clesiones infraganti\u201d<\/strong> con intervenci\u00f3n de la Comisar\u00eda de la Mujer y la Familia y de la UFI 5 especializada en violencia familiar y de g\u00e9nero.<\/p>\n","protected":false},"excerpt":{"rendered":"<p>El caso tuvo lugar en barrio Villa Magdalena este domingo. Interviene la UFI 5 especializada en violencia familiar y de<\/p>\n","protected":false},"author":4,"featured_media":106735,"comment_status":"closed","ping_status":"closed","sticky":false,"template":"","format":"standard","meta":{"_jetpack_memberships_contains_paid_content":false,"footnotes":""},"categories":[14,1],"tags":[],"class_list":["post-106734","post","type-post","status-publish","format-standard","has-post-thumbnail","hentry","category-policiales","category-portada"],"jetpack_featured_media_url":"https:\/\/i0.wp.com\/cdnoticias.com\/wp-content\/uploads\/2024\/01\/lesiones-mendoza-3200-a.jpg?fit=1200%2C667&ssl=1","jetpack_sharing_enabled":true,"_links":{"self":[{"href":"https:\/\/cdnoticias.com\/index.php\/wp-json\/wp\/v2\/posts\/106734","targetHints":{"allow":["GET"]}}],"collection":[{"href":"https:\/\/cdnoticias.com\/index.php\/wp-json\/wp\/v2\/posts"}],"about":[{"href":"https:\/\/cdnoticias.com\/index.php\/wp-json\/wp\/v2\/types\/post"}],"author":[{"embeddable":true,"href":"https:\/\/cdnoticias.com\/index.php\/wp-json\/wp\/v2\/users\/4"}],"replies":[{"embeddable":true,"href":"https:\/\/cdnoticias.com\/index.php\/wp-json\/wp\/v2\/comments?post=106734"}],"version-history":[{"count":0,"href":"https:\/\/cdnoticias.com\/index.php\/wp-json\/wp\/v2\/posts\/106734\/revisions"}],"wp:featuredmedia":[{"embeddable":true,"href":"https:\/\/cdnoticias.com\/index.php\/wp-json\/wp\/v2\/media\/106735"}],"wp:attachment":[{"href":"https:\/\/cdnoticias.com\/index.php\/wp-json\/wp\/v2\/media?parent=106734"}],"wp:term":[{"taxonomy":"category","embeddable":true,"href":"https:\/\/cdnoticias.com\/index.php\/wp-json\/wp\/v2\/categories?post=106734"},{"taxonomy":"post_tag","embeddable":true,"href":"https:\/\/cdnoticias.com\/index.php\/wp-json\/wp\/v2\/tags?post=106734"}],"curies":[{"name":"wp","href":"https:\/\/api.w.org\/{rel}","templated":true}]}}