{"id":106724,"date":"2024-01-14T20:56:14","date_gmt":"2024-01-14T23:56:14","guid":{"rendered":"https:\/\/cdnoticias.com\/?p=106724"},"modified":"2024-01-15T08:33:35","modified_gmt":"2024-01-15T11:33:35","slug":"dos-aprehendidos-por-robar-cables-y-un-conector","status":"publish","type":"post","link":"https:\/\/cdnoticias.com\/index.php\/2024\/01\/14\/dos-aprehendidos-por-robar-cables-y-un-conector\/","title":{"rendered":"Dos aprehendidos por robar cables y un conector"},"content":{"rendered":"<p>Ocurri\u00f3 este domingo. Los acusados, de 40 y 28 a\u00f1os, fueron hallados en Col\u00f3n y Tacuar\u00ed. Se iniciaron actuaciones por hurto.<!--more--><\/p>\n<hr \/>\n<p><strong>Un robo de cables<\/strong> fue detectado<strong> este domingo<\/strong> y <strong>dos hombres fueron aprehendidos<\/strong> acusados del il\u00edcito.<\/p>\n<p>Los hechos se dieron en <strong>Col\u00f3n y Tacuar\u00ed<\/strong> donde personal del <strong>Comando de Patrullas<\/strong> lleg\u00f3 a ra\u00edz de <strong>un llamado al 911<\/strong> que expuso el il\u00edcito.<\/p>\n<p><img data-recalc-dims=\"1\" loading=\"lazy\" decoding=\"async\" class=\"size-large wp-image-106725 aligncenter\" src=\"https:\/\/i0.wp.com\/cdnoticias.com\/wp-content\/uploads\/2024\/01\/hurto-colon-y-tacuari-robo-de-cables-0.jpg?resize=800%2C445&#038;ssl=1\" alt=\"\" width=\"800\" height=\"445\" srcset=\"https:\/\/i0.wp.com\/cdnoticias.com\/wp-content\/uploads\/2024\/01\/hurto-colon-y-tacuari-robo-de-cables-0.jpg?resize=1024%2C570&amp;ssl=1 1024w, https:\/\/i0.wp.com\/cdnoticias.com\/wp-content\/uploads\/2024\/01\/hurto-colon-y-tacuari-robo-de-cables-0.jpg?resize=300%2C167&amp;ssl=1 300w, https:\/\/i0.wp.com\/cdnoticias.com\/wp-content\/uploads\/2024\/01\/hurto-colon-y-tacuari-robo-de-cables-0.jpg?resize=768%2C428&amp;ssl=1 768w, https:\/\/i0.wp.com\/cdnoticias.com\/wp-content\/uploads\/2024\/01\/hurto-colon-y-tacuari-robo-de-cables-0.jpg?resize=800%2C445&amp;ssl=1 800w, https:\/\/i0.wp.com\/cdnoticias.com\/wp-content\/uploads\/2024\/01\/hurto-colon-y-tacuari-robo-de-cables-0.jpg?w=1200&amp;ssl=1 1200w\" sizes=\"auto, (max-width: 800px) 100vw, 800px\" \/><\/p>\n<p>Inmediatamente <strong>arrest\u00f3 a dos hombres, de 40 y 28 a\u00f1os<\/strong>, tras constatar que momentos antes<strong> hab\u00edan sustra\u00eddo una terminal conectora de cables con extensi\u00f3n de cinco metros de cables de postes <\/strong>en dicho lugar.<\/p>\n<p>Los aprehendidos fueron alojados en la Comisaria Primera a disposici\u00f3n de la UFI N\u00ba 4 a cargo de la fiscal Paula Serrano. Se iniciaron actuaciones por <strong>\u201churto\u201d.<\/strong><\/p>\n","protected":false},"excerpt":{"rendered":"<p>Ocurri\u00f3 este domingo. Los acusados, de 40 y 28 a\u00f1os, fueron hallados en Col\u00f3n y Tacuar\u00ed. Se iniciaron actuaciones por<\/p>\n","protected":false},"author":4,"featured_media":106726,"comment_status":"closed","ping_status":"closed","sticky":false,"template":"","format":"standard","meta":{"_jetpack_memberships_contains_paid_content":false,"footnotes":""},"categories":[14,1],"tags":[],"class_list":["post-106724","post","type-post","status-publish","format-standard","has-post-thumbnail","hentry","category-policiales","category-portada"],"jetpack_featured_media_url":"https:\/\/i0.wp.com\/cdnoticias.com\/wp-content\/uploads\/2024\/01\/hurto-colon-y-tacuari-robo-de-cables.jpg?fit=1200%2C668&ssl=1","jetpack_sharing_enabled":true,"_links":{"self":[{"href":"https:\/\/cdnoticias.com\/index.php\/wp-json\/wp\/v2\/posts\/106724","targetHints":{"allow":["GET"]}}],"collection":[{"href":"https:\/\/cdnoticias.com\/index.php\/wp-json\/wp\/v2\/posts"}],"about":[{"href":"https:\/\/cdnoticias.com\/index.php\/wp-json\/wp\/v2\/types\/post"}],"author":[{"embeddable":true,"href":"https:\/\/cdnoticias.com\/index.php\/wp-json\/wp\/v2\/users\/4"}],"replies":[{"embeddable":true,"href":"https:\/\/cdnoticias.com\/index.php\/wp-json\/wp\/v2\/comments?post=106724"}],"version-history":[{"count":0,"href":"https:\/\/cdnoticias.com\/index.php\/wp-json\/wp\/v2\/posts\/106724\/revisions"}],"wp:featuredmedia":[{"embeddable":true,"href":"https:\/\/cdnoticias.com\/index.php\/wp-json\/wp\/v2\/media\/106726"}],"wp:attachment":[{"href":"https:\/\/cdnoticias.com\/index.php\/wp-json\/wp\/v2\/media?parent=106724"}],"wp:term":[{"taxonomy":"category","embeddable":true,"href":"https:\/\/cdnoticias.com\/index.php\/wp-json\/wp\/v2\/categories?post=106724"},{"taxonomy":"post_tag","embeddable":true,"href":"https:\/\/cdnoticias.com\/index.php\/wp-json\/wp\/v2\/tags?post=106724"}],"curies":[{"name":"wp","href":"https:\/\/api.w.org\/{rel}","templated":true}]}}