{"id":106700,"date":"2024-01-13T21:18:07","date_gmt":"2024-01-14T16:00:08","guid":{"rendered":"https:\/\/cdnoticias.com\/?p=106700"},"modified":"2025-02-12T23:28:53","modified_gmt":"2025-02-13T02:28:53","slug":"con-todo-el-apoyo-de-sus-hinchas-racing-partio-rumbo-a-la-primera-semifinal","status":"publish","type":"post","link":"https:\/\/cdnoticias.com\/index.php\/2024\/01\/13\/con-todo-el-apoyo-de-sus-hinchas-racing-partio-rumbo-a-la-primera-semifinal\/","title":{"rendered":"Con todo el apoyo de sus hinchas, Racing parti\u00f3 rumbo a la primera semifinal"},"content":{"rendered":"<p>El \u201cChaira\u201d abrir\u00e1 la llave este domingo en condici\u00f3n de visitante contra Kimberley de Mar del Plata. El partido ser\u00e1 a las 17:00 horas en el Estadio Jos\u00e9 Alberto Valle.<!--more--><\/p>\n<hr \/>\n<p>Tras dejar en el camino a Ferro Carril Sud, <strong>el conjunto del \u201cChueco\u201d Garc\u00eda Lorenzo cambi\u00f3 r\u00e1pido el chip y puso la mira en Kimberley de Mar del Plata<\/strong>, el rival a vencer en una de las semifinales de la Regi\u00f3n Pampeana Sur.<\/p>\n<p>&nbsp;<\/p>\n<p>Por tal motivo, este s\u00e1bado en horas de la tarde, <strong>decenas de hinchas de \u201cLa Estrellita\u201d se congregaron en las inmediaciones del club sobre avenida Sarmiento para un \u201cbanderazo\u201d y despidieron a puro aliento al plantel \u201cChaira\u201d<\/strong>.<\/p>\n<p>&nbsp;<\/p>\n<p>[soliloquy id=&#8221;46934&#8243;]<\/p>\n<p>&nbsp;<\/p>\n<p>Con la mente puesta en el partido, el equipo olavarriense har\u00e1 escala en Balcarce, donde pasar\u00e1 la noche, y este domingo viajar\u00e1 con destino a Mar del Plata para el choque contra el \u201cDrag\u00f3n\u201d, que viene de eliminar a Argentinos de 25 de Mayo en cuartos.<\/p>\n<p>&nbsp;<\/p>\n<p><strong>El duelo ser\u00e1 en el Estadio Jos\u00e9 Alberto Valle a partir de las 17:00 horas<\/strong> e impartir\u00e1n justicia \u00e1rbitros de Cha\u00f1ar Ladeado, los cuales vienen de dejar una p\u00e9sima imagen en Costa Brava \u2013 Alvear FBC (vuelta de cuartos), donde <strong>Marcelo Pasculli<\/strong> (asistente n\u00famero uno) le anul\u00f3 un gol l\u00edcito al lateral izquierdo del equipo de Intendente Alvear sobre el final del partido.<\/p>\n<p>&nbsp;<\/p>\n<p><strong>Carlos Salinas<\/strong> ser\u00e1 el juez principal, <strong>Emanuel S\u00e1nchez<\/strong> el asistente dos y <strong>Franco G\u00f3mez<\/strong> el cuarto \u00e1rbitro.<\/p>\n<p>&nbsp;<\/p>\n<ul>\n<li><strong>La decisi\u00f3n que despert\u00f3 la pol\u00e9mica:<\/strong><\/li>\n<\/ul>\n<blockquote class=\"twitter-tweet\" data-width=\"550\" data-dnt=\"true\">\n<p lang=\"es\" dir=\"ltr\"><a href=\"https:\/\/twitter.com\/hashtag\/RegionalAmateur?src=hash&amp;ref_src=twsrc%5Etfw\">#RegionalAmateur<\/a> <a href=\"https:\/\/twitter.com\/hashtag\/TorneoRegional?src=hash&amp;ref_src=twsrc%5Etfw\">#TorneoRegional<\/a> <\/p>\n<p>UN INS\u00d3LITO OFFSIDE<\/p>\n<p>Alvear convirti\u00f3 este gol frente a Costa Brava para llevar el partido a los penales pero el asistente le cobr\u00f3 un ins\u00f3lito fuera de juego. Luego de esta jugada el partido finaliz\u00f3 y Costa Brava accedi\u00f3 a la siguiente ronda. <a href=\"https:\/\/t.co\/GNsw5L2rOf\">pic.twitter.com\/GNsw5L2rOf<\/a><\/p>\n<p>&mdash; Torneo Regional Amateur (@torneo_regional) <a href=\"https:\/\/twitter.com\/torneo_regional\/status\/1745494898650862077?ref_src=twsrc%5Etfw\">January 11, 2024<\/a><\/p><\/blockquote>\n<p><script async src=\"https:\/\/platform.twitter.com\/widgets.js\" charset=\"utf-8\"><\/script><\/p>\n","protected":false},"excerpt":{"rendered":"<p>El \u201cChaira\u201d abrir\u00e1 la llave este domingo en condici\u00f3n de visitante contra Kimberley de Mar del Plata. El partido ser\u00e1<\/p>\n","protected":false},"author":96739694,"featured_media":159323,"comment_status":"closed","ping_status":"closed","sticky":false,"template":"","format":"standard","meta":{"_jetpack_memberships_contains_paid_content":false,"footnotes":""},"categories":[35,1,54],"tags":[],"class_list":["post-106700","post","type-post","status-publish","format-standard","has-post-thumbnail","hentry","category-futbol","category-portada","category-torneo-regional-amateur"],"jetpack_featured_media_url":"https:\/\/i0.wp.com\/cdnoticias.com\/wp-content\/uploads\/2024\/01\/banderazo-12.jpg?fit=1280%2C853&ssl=1","jetpack_sharing_enabled":true,"_links":{"self":[{"href":"https:\/\/cdnoticias.com\/index.php\/wp-json\/wp\/v2\/posts\/106700","targetHints":{"allow":["GET"]}}],"collection":[{"href":"https:\/\/cdnoticias.com\/index.php\/wp-json\/wp\/v2\/posts"}],"about":[{"href":"https:\/\/cdnoticias.com\/index.php\/wp-json\/wp\/v2\/types\/post"}],"author":[{"embeddable":true,"href":"https:\/\/cdnoticias.com\/index.php\/wp-json\/wp\/v2\/users\/96739694"}],"replies":[{"embeddable":true,"href":"https:\/\/cdnoticias.com\/index.php\/wp-json\/wp\/v2\/comments?post=106700"}],"version-history":[{"count":0,"href":"https:\/\/cdnoticias.com\/index.php\/wp-json\/wp\/v2\/posts\/106700\/revisions"}],"wp:featuredmedia":[{"embeddable":true,"href":"https:\/\/cdnoticias.com\/index.php\/wp-json\/wp\/v2\/media\/159323"}],"wp:attachment":[{"href":"https:\/\/cdnoticias.com\/index.php\/wp-json\/wp\/v2\/media?parent=106700"}],"wp:term":[{"taxonomy":"category","embeddable":true,"href":"https:\/\/cdnoticias.com\/index.php\/wp-json\/wp\/v2\/categories?post=106700"},{"taxonomy":"post_tag","embeddable":true,"href":"https:\/\/cdnoticias.com\/index.php\/wp-json\/wp\/v2\/tags?post=106700"}],"curies":[{"name":"wp","href":"https:\/\/api.w.org\/{rel}","templated":true}]}}