{"id":106668,"date":"2024-01-13T20:00:31","date_gmt":"2024-01-13T23:00:31","guid":{"rendered":"https:\/\/cdnoticias.com\/?p=106668"},"modified":"2024-01-14T10:00:20","modified_gmt":"2024-01-14T13:00:20","slug":"para-la-defensoria-del-pueblo-las-tarifas-de-gas-seran-impagables-y-confiscatorias","status":"publish","type":"post","link":"https:\/\/cdnoticias.com\/index.php\/2024\/01\/13\/para-la-defensoria-del-pueblo-las-tarifas-de-gas-seran-impagables-y-confiscatorias\/","title":{"rendered":"Para la Defensor\u00eda del Pueblo, las tarifas de gas ser\u00e1n \u201cimpagables y confiscatorias\u201d"},"content":{"rendered":"<p>Lo dijo el secretario de Servicios P\u00fablicos del organismo provincial, Gast\u00f3n Arias, quien particip\u00f3 de la audiencia p\u00fablica convocada por Enargas. Adelant\u00f3 que de aplicarse los precios pretendidos por las empresas, la Defensor\u00eda ir\u00e1 a la Justicia.<!--more--><\/p>\n<hr \/>\n<p><strong>La Defensor\u00eda del Pueblo de la Provincia<\/strong> expres\u00f3 <strong>su rechazo a los aumentos tarifarios del servicio del gas<\/strong>, los cuales consider\u00f3 <strong>\u201cirracionales y abusivos\u201d<\/strong>.<\/p>\n<p>&nbsp; <\/p>\n<p>La semana pasada se llev\u00f3 adelante <a href=\"https:\/\/cdnoticias.com\/index.php\/2024\/01\/08\/canasta-basica-energetica-nuevos-criterios-para-los-cuadros-tarifarios-del-gas\/\" target=\"_blank\" rel=\"noopener\">la audiencia p\u00fablica convocada por el Enargas<\/a> para que las empresas distribuidoras y transportadoras presentaran sus <a href=\"https:\/\/cdnoticias.com\/index.php\/2023\/12\/26\/camuzzi-gas-pampeana-pretende-tarifas-421-mas-caras\/\" target=\"_blank\" rel=\"noopener\">pedidos de suba de tarifas de gas<\/a> y tambi\u00e9n representantes de usuarios expongan su visi\u00f3n del servicio. Se registraron <strong>m\u00e1s de 120 oradores<\/strong> y la audiencia se celebr\u00f3 en dos jornadas.<\/p>\n<p>&nbsp; <\/p>\n<p>Uno de los expositores fue <strong>Gast\u00f3n Arias, secretario de Servicios P\u00fablicos de la Defensor\u00eda del Pueblo de la Provincia de Buenos Aires<\/strong> quien durante la audiencia manifest\u00f3 que<strong> las subas planteadas de al menos el 400% para el AMBA y de hasta el 1.700% para el Interior de la Provincia son \u201cinviables\u201d<\/strong>.<\/p>\n<p>&nbsp; <\/p>\n<p>\u201cEs inviable, irracional e inveros\u00edmil que una persona pague por lo menos cinco veces m\u00e1s el gas. <strong>Son cifras astron\u00f3micas y sin precedentes, ya que afectar\u00eda en algunos casos el total de los ingresos de las y los usuarios\u201d<\/strong>, indic\u00f3 Arias.<\/p>\n<p>&nbsp; <\/p>\n<blockquote><p>En una entrevista que cedi\u00f3 al programa Levantate por Radio Sapiens, Arias ratific\u00f3 esos conceptos. Plante\u00f3 que de aplicarse las tarifas que propusieron las prestadoras que se desempe\u00f1an en la provincia, \u201ccada uno de los ciudadanos, de los vecinos, de las familias tipo pr\u00e1cticamente tendr\u00e1n que usar todos sus ingresos para poder pagar los servicios b\u00e1sicos y esenciales como gas y luz\u201d. Destac\u00f3 que no s\u00f3lo se contempla el aumento por v\u00eda de incremento tarifario, sino que en paralelo el Gobierno Nacional pretende la quita de subsidios. \u201cObviamente desde la Defensor\u00eda del Pueblo de la Provincia de Buenos Aires en la participaci\u00f3n que tuvimos en la audiencia p\u00fablica nos opusimos a esto\u201d subray\u00f3.<\/p><\/blockquote>\n<p>&nbsp; <\/p>\n<p>Se\u00f1al\u00f3 que en la misma l\u00ednea <em>tambi\u00e9n expusieron el ministro de Infraestructura provincial, Gabriel Katopodis, y el secretario de Energ\u00eda provincial, Gast\u00f3n Ghioni.<\/em> <a href=\"https:\/\/cdnoticias.com\/index.php\/2024\/01\/09\/la-provincia-se-opone-al-incremento-abusivo-en-la-tarifa-de-gas\/\" target=\"_blank\" rel=\"noopener\"><strong>\u201cEl Gobierno de la Provincia se est\u00e1 oponiendo tambi\u00e9n a estos a incrementos\u201d<\/strong><\/a> resumi\u00f3.<\/p>\n<p>&nbsp; <\/p>\n<p><img data-recalc-dims=\"1\" loading=\"lazy\" decoding=\"async\" class=\"size-large wp-image-106669 aligncenter\" src=\"https:\/\/i0.wp.com\/cdnoticias.com\/wp-content\/uploads\/2024\/01\/gaston-arias-defensoria-del-pueblo-gabriel-katopodis-audiencia-gas-02.jpg?resize=800%2C445&#038;ssl=1\" alt=\"\" width=\"800\" height=\"445\" srcset=\"https:\/\/i0.wp.com\/cdnoticias.com\/wp-content\/uploads\/2024\/01\/gaston-arias-defensoria-del-pueblo-gabriel-katopodis-audiencia-gas-02.jpg?resize=1024%2C569&amp;ssl=1 1024w, https:\/\/i0.wp.com\/cdnoticias.com\/wp-content\/uploads\/2024\/01\/gaston-arias-defensoria-del-pueblo-gabriel-katopodis-audiencia-gas-02.jpg?resize=300%2C167&amp;ssl=1 300w, https:\/\/i0.wp.com\/cdnoticias.com\/wp-content\/uploads\/2024\/01\/gaston-arias-defensoria-del-pueblo-gabriel-katopodis-audiencia-gas-02.jpg?resize=768%2C427&amp;ssl=1 768w, https:\/\/i0.wp.com\/cdnoticias.com\/wp-content\/uploads\/2024\/01\/gaston-arias-defensoria-del-pueblo-gabriel-katopodis-audiencia-gas-02.jpg?resize=800%2C445&amp;ssl=1 800w, https:\/\/i0.wp.com\/cdnoticias.com\/wp-content\/uploads\/2024\/01\/gaston-arias-defensoria-del-pueblo-gabriel-katopodis-audiencia-gas-02.jpg?w=1259&amp;ssl=1 1259w\" sizes=\"auto, (max-width: 800px) 100vw, 800px\" \/><\/p>\n<p>&nbsp; <\/p>\n<p>Arias respondi\u00f3 que<strong> es \u201cposible\u201d que los usuarios de la provincia terminen pagando facturas de 150 mil pesos en invierno<\/strong> <a href=\"https:\/\/cdnoticias.com\/index.php\/2024\/01\/10\/usuarios-bonaerenses-podrian-pagar-hasta-80-000-de-gas-en-invierno\/\" target=\"_blank\" rel=\"noopener\">de aplicarse los cambios que proyecta el Ejecutivo Nacional<\/a> y se efectivizan los aumentos de tarifas pedidos por las concesionarias.<strong> \u201cAnte el planteo pol\u00edtico del gobierno nacional de quitar todos los subsidios y aceptar las propuestas de las empresas, que han planteado entre un 400 y 700 % de incremento en la tarifa de gas, podr\u00eda llegar a cifras realmente impagables\u201d<\/strong>.<\/p>\n<p>&nbsp; <\/p>\n<p>Para el integrante de la Defensor\u00eda, <strong>\u201clas tarifas tienen que ser justas y razonables y solamente formar parte de una proporci\u00f3n l\u00f3gica dentro de los ingresos de los ciudadanos\u201d<\/strong>. En ese punto aludi\u00f3 a lo establecido en el llamado \u201cfallo Cepis\u201d de la Suprema Corte de Justicia de la Naci\u00f3n en 2016. Defini\u00f3 que se trata de \u201cun fallo ejemplar\u201d.<\/p>\n<p>&nbsp; <\/p>\n<blockquote><p>Con ello, apunt\u00f3 a que en caso de <a href=\"https:\/\/cdnoticias.com\/index.php\/2024\/01\/09\/habra-fuertes-aumentos-en-las-tarifas-de-gas-y-cambios-en-la-forma-de-segmentacion\/\" target=\"_blank\" rel=\"noopener\">registrarse la suba del servicio en los t\u00e9rminos que pretende la Naci\u00f3n<\/a> se concretar\u00e1n \u201cincrementos que son directamente impagables y confiscatorios. Van a generar a cada uno de los ciudadanos y ciudadanas un da\u00f1o patrimonial tremendo poni\u00e9ndolos pr\u00e1cticamente en una situaci\u00f3n confiscatoria en sus ingresos. A eso nosotros no lo vamos a permitir, nos vamos a oponer con todas las herramientas que tengamos. Podemos realizar pedidos ya formales en contra y si es necesario tambi\u00e9n acudiremos a la Justicia\u201d.<\/p><\/blockquote>\n<p>&nbsp; <\/p>\n<p><strong>\u201cCreemos que vamos a ir camino a la judicializaci\u00f3n<\/strong>, como est\u00e1 sucediendo con el DNU, con la Ley \u00d3mnibus, porque no se pueden permitir estos atropellos que lleva adelante el Gobierno Nacional\u201d enfatiz\u00f3.<\/p>\n<p>&nbsp; <\/p>\n<p><img data-recalc-dims=\"1\" loading=\"lazy\" decoding=\"async\" class=\"size-full wp-image-106670 aligncenter\" src=\"https:\/\/i0.wp.com\/cdnoticias.com\/wp-content\/uploads\/2024\/01\/gaston-arias-defensoria-del-pueblo-audiencia-gas-00.jpg?resize=800%2C445&#038;ssl=1\" alt=\"\" width=\"800\" height=\"445\" srcset=\"https:\/\/i0.wp.com\/cdnoticias.com\/wp-content\/uploads\/2024\/01\/gaston-arias-defensoria-del-pueblo-audiencia-gas-00.jpg?w=1000&amp;ssl=1 1000w, https:\/\/i0.wp.com\/cdnoticias.com\/wp-content\/uploads\/2024\/01\/gaston-arias-defensoria-del-pueblo-audiencia-gas-00.jpg?resize=300%2C167&amp;ssl=1 300w, https:\/\/i0.wp.com\/cdnoticias.com\/wp-content\/uploads\/2024\/01\/gaston-arias-defensoria-del-pueblo-audiencia-gas-00.jpg?resize=768%2C427&amp;ssl=1 768w, https:\/\/i0.wp.com\/cdnoticias.com\/wp-content\/uploads\/2024\/01\/gaston-arias-defensoria-del-pueblo-audiencia-gas-00.jpg?resize=800%2C445&amp;ssl=1 800w\" sizes=\"auto, (max-width: 800px) 100vw, 800px\" \/><\/p>\n<p>&nbsp; <\/p>\n<p>Luego, en referencia a la realizaci\u00f3n de la audiencia, el representante de la Defensor\u00eda se\u00f1al\u00f3 que<strong> \u201cestamos en contra de esa forma de plantearse de la no vinculaci\u00f3n de todo lo que se manifiesta<\/strong>. Hemos escuchado en todo el proceso de la audiencia p\u00fablica <strong>pr\u00e1cticamente el 100% de todos los usuarios, las instituciones, asociaciones civiles que han participado y de los propios gobiernos de las provincias, el rechazo total\u201d<\/strong> a los aumentos.<\/p>\n<p>&nbsp; <\/p>\n<p>Gast\u00f3n Arias agreg\u00f3 que <strong>tambi\u00e9n se contempla la eliminaci\u00f3n del fondo que financia el subsidio llamado \u201cZona Fr\u00eda\u201d<\/strong> y que <a href=\"https:\/\/cdnoticias.com\/index.php\/2024\/01\/11\/facturas-de-gas-liliana-schwindt-advirtio-que-peligra-la-ley-de-zona-fria\/\" target=\"_blank\" rel=\"noopener\">alcanza a usuarios de 90 municipios bonaerenses, entre ellos de Olavarr\u00eda<\/a>. \u201cTodos los subsidios estar\u00edan afuera y las tarifas que se cobrar\u00edan ser\u00edan plenas, con lo cual por eso decimos que los incrementos podr\u00edan rondar el 700% en algunos casos. <strong>Eso es escandaloso desde el punto de vista econ\u00f3mico y fundir\u00eda a todas las familias de la provincia.<\/strong> Por eso nosotros hemos nos hemos manifestado enf\u00e1ticamente en contra y por eso decimos tambi\u00e9n que vamos a estar con todas las herramientas que la Defensor\u00eda del Pueblo tenga a mano para defender los derechos de los ciudadanos\u201d dijo.<\/p>\n<p>&nbsp; <\/p>\n<blockquote><p>En referencia a los pedidos de aumento de las empresas, el secretario de la Defensor\u00eda sostuvo que \u201clas empresas permanentemente manifiestan que las tarifas est\u00e1n muy bajas y que necesitan incrementos\u201d. Al mismo tiempo, contemplo que \u201ctodas estas empresas llevan d\u00e9cadas en las concesiones, y sin embargo pr\u00e1cticamente han manifestado siempre lo mismo: que no les alcanzan los valores de las tarifas, pero nunca dejan las concesiones. Con lo cual evidentemente ganancias tienen\u201d.<\/p><\/blockquote>\n<p>&nbsp; <\/p>\n<p>Por \u00faltimo, Arias adelant\u00f3 qu<strong>e la Defensor\u00eda del Pueblo provincial tambi\u00e9n se presentar\u00e1 en la audiencia publica convocada por el ENRE para el 28 de enero<\/strong> donde se analizar\u00e1n <strong>aumentos tarifarios de electricidad.<\/strong><\/p>\n<p>&nbsp; <\/p>\n<h2>Comunicado de la Defensor\u00eda<\/h2>\n<p>&nbsp; <\/p>\n<p>Tras la audiencia convocada por el Enargas, <strong>la Defensor\u00eda emiti\u00f3 un comunicado<\/strong> donde hizo hincapi\u00e9 en el <strong>rechazo a que las tarifas promedio terminen ubic\u00e1ndose en el orden de los 150 d\u00f3lares<\/strong>, tal como lo buscan las empresas con la venia del gobierno, ya que esas son cifras apenas alcanzadas por el salario m\u00ednimo vital y m\u00f3vil.<\/p>\n<p>&nbsp; <\/p>\n<p><img data-recalc-dims=\"1\" loading=\"lazy\" decoding=\"async\" class=\"size-large wp-image-7963 aligncenter\" src=\"https:\/\/i0.wp.com\/cdnoticias.com\/wp-content\/uploads\/2020\/12\/WhatsApp-Image-2020-12-02-at-10.05.31-1.jpeg?resize=800%2C600&#038;ssl=1\" alt=\"\" width=\"800\" height=\"600\" srcset=\"https:\/\/i0.wp.com\/cdnoticias.com\/wp-content\/uploads\/2020\/12\/WhatsApp-Image-2020-12-02-at-10.05.31-1.jpeg?resize=1024%2C768&amp;ssl=1 1024w, https:\/\/i0.wp.com\/cdnoticias.com\/wp-content\/uploads\/2020\/12\/WhatsApp-Image-2020-12-02-at-10.05.31-1.jpeg?resize=300%2C225&amp;ssl=1 300w, https:\/\/i0.wp.com\/cdnoticias.com\/wp-content\/uploads\/2020\/12\/WhatsApp-Image-2020-12-02-at-10.05.31-1.jpeg?resize=768%2C576&amp;ssl=1 768w, https:\/\/i0.wp.com\/cdnoticias.com\/wp-content\/uploads\/2020\/12\/WhatsApp-Image-2020-12-02-at-10.05.31-1.jpeg?w=1040&amp;ssl=1 1040w\" sizes=\"auto, (max-width: 800px) 100vw, 800px\" \/><\/p>\n<p>&nbsp; <\/p>\n<p><strong>\u201cNo podemos aceptar que nos impongan tarifas impagables en los servicios esenciales.<\/strong> Va a ser un escenario explosivo en los pr\u00f3ximos dos o tres meses porque el impacto ser\u00e1 fenomenal en los bolsillos de las y los ciudadanos&#8221;, expres\u00f3 Arias.<\/p>\n<p>&nbsp; <\/p>\n<p>En esa l\u00ednea, tambi\u00e9n<strong> cuestion\u00f3 que la audiencia p\u00fablica no haya sido vinculante<\/strong> y asegur\u00f3 que<em> \u201cla Defensor\u00eda va a tomar todas las medidas necesarias para proteger y cuidar a las y los bonaerenses&#8221;<\/em>.<\/p>\n<p>&nbsp; <\/p>\n<p>El planteo del organismo va en consonancia con la <a href=\"https:\/\/cdnoticias.com\/index.php\/2024\/01\/09\/la-provincia-se-opone-al-incremento-abusivo-en-la-tarifa-de-gas\/\" target=\"_blank\" rel=\"noopener\">postura del <\/a><strong>Foro Bonaerense de Servicios P\u00fablicos que convoc\u00f3 el Ministerio de Infraestructura y Servicios P\u00fablicos<\/strong> a cargo de Gabriel Katopodis.<\/p>\n<p>&nbsp; <\/p>\n","protected":false},"excerpt":{"rendered":"<p>Lo dijo el secretario de Servicios P\u00fablicos del organismo provincial, Gast\u00f3n Arias, quien particip\u00f3 de la audiencia p\u00fablica convocada por<\/p>\n","protected":false},"author":4,"featured_media":106671,"comment_status":"closed","ping_status":"closed","sticky":false,"template":"","format":"standard","meta":{"_jetpack_memberships_contains_paid_content":false,"footnotes":""},"categories":[5,1],"tags":[],"class_list":["post-106668","post","type-post","status-publish","format-standard","has-post-thumbnail","hentry","category-informacion-general","category-portada"],"jetpack_featured_media_url":"https:\/\/i0.wp.com\/cdnoticias.com\/wp-content\/uploads\/2024\/01\/gaston-arias-defensoria-del-pueblo-audiencia-gas-01.jpg?fit=800%2C445&ssl=1","jetpack_sharing_enabled":true,"_links":{"self":[{"href":"https:\/\/cdnoticias.com\/index.php\/wp-json\/wp\/v2\/posts\/106668","targetHints":{"allow":["GET"]}}],"collection":[{"href":"https:\/\/cdnoticias.com\/index.php\/wp-json\/wp\/v2\/posts"}],"about":[{"href":"https:\/\/cdnoticias.com\/index.php\/wp-json\/wp\/v2\/types\/post"}],"author":[{"embeddable":true,"href":"https:\/\/cdnoticias.com\/index.php\/wp-json\/wp\/v2\/users\/4"}],"replies":[{"embeddable":true,"href":"https:\/\/cdnoticias.com\/index.php\/wp-json\/wp\/v2\/comments?post=106668"}],"version-history":[{"count":0,"href":"https:\/\/cdnoticias.com\/index.php\/wp-json\/wp\/v2\/posts\/106668\/revisions"}],"wp:featuredmedia":[{"embeddable":true,"href":"https:\/\/cdnoticias.com\/index.php\/wp-json\/wp\/v2\/media\/106671"}],"wp:attachment":[{"href":"https:\/\/cdnoticias.com\/index.php\/wp-json\/wp\/v2\/media?parent=106668"}],"wp:term":[{"taxonomy":"category","embeddable":true,"href":"https:\/\/cdnoticias.com\/index.php\/wp-json\/wp\/v2\/categories?post=106668"},{"taxonomy":"post_tag","embeddable":true,"href":"https:\/\/cdnoticias.com\/index.php\/wp-json\/wp\/v2\/tags?post=106668"}],"curies":[{"name":"wp","href":"https:\/\/api.w.org\/{rel}","templated":true}]}}