{"id":1066,"date":"2020-09-08T17:10:15","date_gmt":"2020-09-08T20:10:15","guid":{"rendered":"http:\/\/www.centraldenoticias.com.ar\/?p=1066"},"modified":"2020-09-08T19:13:51","modified_gmt":"2020-09-08T22:13:51","slug":"la-danza-en-pandemia-estamos-dentro-de-los-sectores-mas-perjudicados","status":"publish","type":"post","link":"https:\/\/cdnoticias.com\/index.php\/2020\/09\/08\/la-danza-en-pandemia-estamos-dentro-de-los-sectores-mas-perjudicados\/","title":{"rendered":"La danza en pandemia: \u201cestamos dentro de los sectores m\u00e1s perjudicados\u201d"},"content":{"rendered":"<p>As\u00ed lo expresa una encuesta realizada por el <strong>Movimiento Federal de Danza<\/strong> que nuclea a espacios de todo el pa\u00eds. Un 42% de los trabajadores pertenece al sector informal. A su vez, aseguran que el 85% de los encuestados no ha podido acceder a ning\u00fan beneficio del Estado. En Olavarr\u00eda, los estudios de danza visibilizaron su situaci\u00f3n.<!--more--><\/p>\n<hr \/>\n<p>&nbsp;<\/p>\n<p>El Movimiento Federal de Danza realiz\u00f3 una <strong>Encuesta para Estudios, Academias y Escuelas de danza independientes<\/strong> que se llev\u00f3 a cabo a nivel nacional. De los resultados obtenidos se desprende que <strong><em>\u201chay un total de 450.000 trabajadores\/as independientes de la danza entre docentes, bailarines, core\u00f3grafos, investigadores, gestores, etc\u201d.<\/em><\/strong><\/p>\n<p>&nbsp;<\/p>\n<p>Seg\u00fan la estad\u00edstica de la organizaci\u00f3n que nuclea a espacios de todo el pa\u00eds <strong><em>\u201cel 16% trabaja en condiciones de formalidad, el 42% lo hace de manera informal y el 42% en ambas modalidades\u201d.<\/em><\/strong><\/p>\n<p>&nbsp;<\/p>\n<p>De esta forma, se infiere que la mayor\u00eda de los trabajadores y trabajadoras ha visto afectada seriamente su econom\u00eda frente a la situaci\u00f3n actual.<\/p>\n<p>&nbsp;<\/p>\n<p>Resaltaron que el sector <em>\u201cest\u00e1 conformado por trabajadores\/as independientes, monotributistas y quienes trabajan informalmente\u201d <\/em>y que<em> \u201cseg\u00fan nuestros sondeos el 85% no ha podido acceder a ning\u00fan tipo de beneficio o subsidio por parte del Estado\u201d.<\/em><\/p>\n<p>&nbsp;<\/p>\n<p><img data-recalc-dims=\"1\" loading=\"lazy\" decoding=\"async\" class=\"alignnone size-large wp-image-1068\" src=\"https:\/\/i0.wp.com\/cdnoticias.com\/wp-content\/uploads\/2020\/09\/danza2.jpg?resize=800%2C530&#038;ssl=1\" alt=\"\" width=\"800\" height=\"530\" srcset=\"https:\/\/i0.wp.com\/cdnoticias.com\/wp-content\/uploads\/2020\/09\/danza2.jpg?resize=1024%2C678&amp;ssl=1 1024w, https:\/\/i0.wp.com\/cdnoticias.com\/wp-content\/uploads\/2020\/09\/danza2.jpg?resize=300%2C199&amp;ssl=1 300w, https:\/\/i0.wp.com\/cdnoticias.com\/wp-content\/uploads\/2020\/09\/danza2.jpg?resize=768%2C509&amp;ssl=1 768w, https:\/\/i0.wp.com\/cdnoticias.com\/wp-content\/uploads\/2020\/09\/danza2.jpg?w=1848&amp;ssl=1 1848w, https:\/\/i0.wp.com\/cdnoticias.com\/wp-content\/uploads\/2020\/09\/danza2.jpg?w=1600&amp;ssl=1 1600w\" sizes=\"auto, (max-width: 800px) 100vw, 800px\" \/><\/p>\n<p><strong>\u00a0<\/strong><\/p>\n<p><strong>\u00a0Puestos de trabajo comprometidos <\/strong><\/p>\n<p><em>\u201cCalculamos un promedio de entre 10 y 12 docentes por estudio (es decir que <strong>alrededor de 435.720 trabajadores\/as se encuentran sin dar clases<\/strong>) y 3 trabajadores auxiliares por Estudio<strong> (108.930 en total) que desempe\u00f1an otro tipo de actividades (secretar\u00eda, limpieza, etc.)<\/strong> con lo cual estar\u00edamos hablando de 544.650 personas aproximadamente\u201d.<\/em><\/p>\n<p>&nbsp;<\/p>\n<blockquote><p>En este sentido, resaltaron que si siguen sin poder trabajar y sin contar con ayuda estatal <em>\u201cmuchos espacios van a cerrar y miles de puestos de trabajo se perder\u00e1n\u201d.<\/em><\/p><\/blockquote>\n<p>&nbsp;<\/p>\n<p>Por \u00faltimo, informaron que <em>\u201cel 35% de los Estudios encuestados se encuentran sin actividad debido a la Pandemia y el 65% contin\u00faa dictando algunas clases de manera virtual. De estos \u00faltimos <strong>el 54% no recibe dinero a cambio<\/strong> y el 83% considera entre regulares y muy malos los resultados\u201d.<\/em><\/p>\n<p>&nbsp;<\/p>\n<p><strong>La situaci\u00f3n en Olavarr\u00eda <\/strong><\/p>\n<p>Los estudios y espacios de danza de Olavarr\u00eda, representados dentro del Movimiento Federal de Danza, expresaron a trav\u00e9s de un video que <em>\u201chace 170 d\u00edas que nuestros espacios est\u00e1n vac\u00edos y no podemos trabajar\u201d.<\/em><\/p>\n<p>&nbsp;<\/p>\n<p><em>\u201cHemos realizado una gran inversi\u00f3n para la apertura de nuestros espacios. <strong>Debemos seguir pagando alquileres, luz, gas, impuestos y todo lo necesario para vivir<\/strong>\u201d<\/em>, indicaron.<\/p>\n<p>&nbsp;<\/p>\n<div class=\"jetpack-video-wrapper\"><iframe loading=\"lazy\" width=\"800\" height=\"600\" src=\"https:\/\/www.youtube.com\/embed\/kI97nTEc2WA?feature=oembed\" frameborder=\"0\" allow=\"accelerometer; autoplay; encrypted-media; gyroscope; picture-in-picture\" allowfullscreen><\/iframe><\/div>\n<p>&nbsp;<\/p>\n<p>Adem\u00e1s, se\u00f1alaron que <em>\u201cla danza es formadora y la falta de actividad afecta a aquellos que est\u00e1n transitando una carrera profesional\u201d<\/em> y agregaron: <em>\u201cla danza cura, f\u00edsica y mentalmente\u201d.<\/em><\/p>\n<p>&nbsp;<\/p>\n<p>Por otra parte, tambi\u00e9n una <strong>alumna de un grupo de danza de Hinojo<\/strong>, brind\u00f3 un testimonio que circul\u00f3 por redes sociales. Conmovida por la situaci\u00f3n explic\u00f3 la importancia de la actividad en estos tiempos.<\/p>\n<p>&nbsp;<\/p>\n<p>Silvia cont\u00f3 que el baile lleg\u00f3 a su vida a los 62 a\u00f1os y que espera con asiedad los ensayos. <strong><em>\u201cBailar no es solo mover el cuerpo, no tenemos la elegancia que tienen otros grupos de danza, pero no importa, cuando ensayamos, cuando bailamos, nos sentimos vivos\u201d<\/em><\/strong>.<\/p>\n<p>&nbsp;<\/p>\n<div class=\"jetpack-video-wrapper\"><iframe loading=\"lazy\" width=\"800\" height=\"450\" src=\"https:\/\/www.youtube.com\/embed\/0lTS-ExQRQo?feature=oembed\" frameborder=\"0\" allow=\"accelerometer; autoplay; encrypted-media; gyroscope; picture-in-picture\" allowfullscreen><\/iframe><\/div>\n<p>&nbsp;<\/p>\n<p><strong>Fotos:<\/strong> Artedanza Tu Lugar<\/p>\n","protected":false},"excerpt":{"rendered":"<p>As\u00ed lo expresa una encuesta realizada por el Movimiento Federal de Danza que nuclea a espacios de todo el pa\u00eds.<\/p>\n","protected":false},"author":5,"featured_media":1067,"comment_status":"closed","ping_status":"closed","sticky":false,"template":"","format":"standard","meta":{"_jetpack_memberships_contains_paid_content":false,"footnotes":""},"categories":[5,1],"tags":[],"class_list":["post-1066","post","type-post","status-publish","format-standard","has-post-thumbnail","hentry","category-informacion-general","category-portada"],"jetpack_featured_media_url":"https:\/\/i0.wp.com\/cdnoticias.com\/wp-content\/uploads\/2020\/09\/danza.jpg?fit=1848%2C1224&ssl=1","jetpack_sharing_enabled":true,"_links":{"self":[{"href":"https:\/\/cdnoticias.com\/index.php\/wp-json\/wp\/v2\/posts\/1066","targetHints":{"allow":["GET"]}}],"collection":[{"href":"https:\/\/cdnoticias.com\/index.php\/wp-json\/wp\/v2\/posts"}],"about":[{"href":"https:\/\/cdnoticias.com\/index.php\/wp-json\/wp\/v2\/types\/post"}],"author":[{"embeddable":true,"href":"https:\/\/cdnoticias.com\/index.php\/wp-json\/wp\/v2\/users\/5"}],"replies":[{"embeddable":true,"href":"https:\/\/cdnoticias.com\/index.php\/wp-json\/wp\/v2\/comments?post=1066"}],"version-history":[{"count":0,"href":"https:\/\/cdnoticias.com\/index.php\/wp-json\/wp\/v2\/posts\/1066\/revisions"}],"wp:featuredmedia":[{"embeddable":true,"href":"https:\/\/cdnoticias.com\/index.php\/wp-json\/wp\/v2\/media\/1067"}],"wp:attachment":[{"href":"https:\/\/cdnoticias.com\/index.php\/wp-json\/wp\/v2\/media?parent=1066"}],"wp:term":[{"taxonomy":"category","embeddable":true,"href":"https:\/\/cdnoticias.com\/index.php\/wp-json\/wp\/v2\/categories?post=1066"},{"taxonomy":"post_tag","embeddable":true,"href":"https:\/\/cdnoticias.com\/index.php\/wp-json\/wp\/v2\/tags?post=1066"}],"curies":[{"name":"wp","href":"https:\/\/api.w.org\/{rel}","templated":true}]}}