{"id":106538,"date":"2024-01-12T09:09:16","date_gmt":"2024-01-12T12:09:16","guid":{"rendered":"https:\/\/cdnoticias.com\/?p=106538"},"modified":"2024-01-12T10:47:45","modified_gmt":"2024-01-12T13:47:45","slug":"acto-protocolar-por-el-137o-aniversario-de-hinojo","status":"publish","type":"post","link":"https:\/\/cdnoticias.com\/index.php\/2024\/01\/12\/acto-protocolar-por-el-137o-aniversario-de-hinojo\/","title":{"rendered":"Acto protocolar por el 137\u00ba Aniversario de Hinojo"},"content":{"rendered":"\n<p>Ser\u00e1 el lunes 15 de enero a las 10:30 horas con sede en la plaza \u201cDon Jos\u00e9 de San Mart\u00edn\u201d.<\/p>\n\n\n\n<hr class=\"wp-block-separator aligncenter has-alpha-channel-opacity\"\/>\n\n\n\n<p>El <strong>15 de enero de 1887 fue fundada la localidad de Hinojo<\/strong>, que en sus or\u00edgenes estuvo fuertemente vinculada a la llegada del ferrocarril y a la actividad agr\u00edcola.<\/p>\n\n\n\n<p><\/p>\n\n\n\n<p>Su <strong>fundador Juan \u00c1ngel Bardi <\/strong>denomin\u00f3 a la localidad como Hinojo debido a la gran cantidad de hinojales que se encontraban distribuidos en tierras de la zona. Una localidad que sigue creciendo, con una impronta que la distingue entre sus pares y con un fuerte arraigo a lo deportivo teniendo como baluarte al hist\u00f3rico Club Atl\u00e9tico Hinojo.<\/p>\n\n\n\n<p><\/p>\n\n\n\n<p>El <strong>acto protocolar por el 137\u00ba Aniversario de Hinojo <\/strong>se llevar\u00e1 a cabo el pr\u00f3ximo <strong>lunes 15 de enero, a las 10:30 horas<\/strong>, con sede en la <strong>Plaza \u201cDon Jos\u00e9 de San Mart\u00edn\u201d.<\/strong><\/p>\n\n\n\n<p><\/p>\n\n\n\n<p>El programa de la jornada se iniciar\u00e1 con la presentaci\u00f3n de autoridades, la entonaci\u00f3n del Himno Nacional Argentino y la bendici\u00f3n del p\u00e1rroco de la comunidad Jos\u00e9 Mar\u00eda Quattrocchio.<\/p>\n\n\n\n<p><\/p>\n\n\n\n<p>En la oportunidad, habr\u00e1 palabras alusivas de Cecilia Roth, vecina de localidad e integrante del equipo de la Delegaci\u00f3n Municipal. Luego, ser\u00e1 el turno del discurso del intendente Maximiliano Wesner. El acto finalizar\u00e1 con el brindis y corte de la torta aniversario.<\/p>\n\n\n\n<p><\/p>\n\n\n\n<p>Se invita a toda la comunidad a participar del acto conmemorativo en el marco del aniversario de la localidad de Hinojo.<\/p>\n","protected":false},"excerpt":{"rendered":"<p>Ser\u00e1 el lunes 15 de enero a las 10:30 horas con sede en la plaza \u201cDon Jos\u00e9 de San Mart\u00edn\u201d.<\/p>\n","protected":false},"author":6,"featured_media":106539,"comment_status":"closed","ping_status":"closed","sticky":false,"template":"","format":"standard","meta":{"_jetpack_memberships_contains_paid_content":false,"footnotes":""},"categories":[5,1],"tags":[],"class_list":["post-106538","post","type-post","status-publish","format-standard","has-post-thumbnail","hentry","category-informacion-general","category-portada"],"jetpack_featured_media_url":"https:\/\/i0.wp.com\/cdnoticias.com\/wp-content\/uploads\/2024\/01\/hinojo-aniversario.jpg?fit=960%2C720&ssl=1","jetpack_sharing_enabled":true,"_links":{"self":[{"href":"https:\/\/cdnoticias.com\/index.php\/wp-json\/wp\/v2\/posts\/106538","targetHints":{"allow":["GET"]}}],"collection":[{"href":"https:\/\/cdnoticias.com\/index.php\/wp-json\/wp\/v2\/posts"}],"about":[{"href":"https:\/\/cdnoticias.com\/index.php\/wp-json\/wp\/v2\/types\/post"}],"author":[{"embeddable":true,"href":"https:\/\/cdnoticias.com\/index.php\/wp-json\/wp\/v2\/users\/6"}],"replies":[{"embeddable":true,"href":"https:\/\/cdnoticias.com\/index.php\/wp-json\/wp\/v2\/comments?post=106538"}],"version-history":[{"count":0,"href":"https:\/\/cdnoticias.com\/index.php\/wp-json\/wp\/v2\/posts\/106538\/revisions"}],"wp:featuredmedia":[{"embeddable":true,"href":"https:\/\/cdnoticias.com\/index.php\/wp-json\/wp\/v2\/media\/106539"}],"wp:attachment":[{"href":"https:\/\/cdnoticias.com\/index.php\/wp-json\/wp\/v2\/media?parent=106538"}],"wp:term":[{"taxonomy":"category","embeddable":true,"href":"https:\/\/cdnoticias.com\/index.php\/wp-json\/wp\/v2\/categories?post=106538"},{"taxonomy":"post_tag","embeddable":true,"href":"https:\/\/cdnoticias.com\/index.php\/wp-json\/wp\/v2\/tags?post=106538"}],"curies":[{"name":"wp","href":"https:\/\/api.w.org\/{rel}","templated":true}]}}