{"id":106534,"date":"2024-01-11T19:30:02","date_gmt":"2024-01-11T22:30:02","guid":{"rendered":"https:\/\/cdnoticias.com\/?p=106534"},"modified":"2024-01-11T19:30:04","modified_gmt":"2024-01-11T22:30:04","slug":"confirman-la-primera-persona-fallecida-por-encefalitis-equina-en-la-provincia-de-buenos-aires","status":"publish","type":"post","link":"https:\/\/cdnoticias.com\/index.php\/2024\/01\/11\/confirman-la-primera-persona-fallecida-por-encefalitis-equina-en-la-provincia-de-buenos-aires\/","title":{"rendered":"Confirman la primera persona fallecida por encefalitis equina en la provincia de Buenos Aires"},"content":{"rendered":"\n<p>El Ministerio de Salud bonaerense dio a conocer la informaci\u00f3n. Se trata de una mujer de 74 a\u00f1os. Hay cinco personas hospitalizadas por el cuadro.<\/p>\n\n\n\n<hr class=\"wp-block-separator aligncenter has-alpha-channel-opacity\"\/>\n\n\n\n<p>Una <strong>mujer de 74 a\u00f1os falleci\u00f3 en las \u00faltimas horas tras haber contra\u00eddo encefalitis equina en la provincia de Buenos Aires<\/strong>, y se convirti\u00f3 en la <strong>segunda muerte <\/strong>por la enfermedad en el pa\u00eds y la primera en territorio bonaerense, donde ya se confirmaron un <strong>total de diez casos<\/strong>, cinco de los cuales contin\u00faan hospitalizados.<\/p>\n\n\n\n<p><\/p>\n\n\n\n<p><em>\u201cLa paciente fallecida es una mujer de 74 a\u00f1os de edad con comorbilidades proveniente de un \u00e1rea semirural. Comenz\u00f3 con s\u00edntomas a mediados de diciembre por lo que se intern\u00f3 en regular estado general con desmejor\u00eda de su enfermedad de base y alteraci\u00f3n del sensorio progresiva, requiriendo ingreso a cuidados intensivos con asistencia ventilatoria mec\u00e1nica dentro de las primeras 48 horas<\/em>\u201d, indicaron desde el Ministerio de Salud bonaerense en un comunicado.<\/p>\n\n\n\n<p><\/p>\n\n\n\n<blockquote class=\"wp-block-quote is-layout-flow wp-block-quote-is-layout-flow\">\n<p>\u201cActualmente, la provincia de Buenos Aires cuenta con 10 casos, de los cuales todos requirieron internaci\u00f3n, 4 de ellos recibieron el alta, 5 contin\u00faan internados y 1 falleci\u00f3\u201d, ampliaron desde la cartera que conduce Nicol\u00e1s Kreplak.<\/p>\n<\/blockquote>\n\n\n\n<p><\/p>\n\n\n\n<p>La cartera explic\u00f3 que la encefalitis equina del oeste \u201c<strong><em>se trata de una patolog\u00eda neurol\u00f3gica que se transmite a trav\u00e9s de picaduras de mosquitos infectados y, aunque afecta sobre todo a los caballos, tambi\u00e9n puede transmitirse a las personas\u201d.<\/em><\/strong><\/p>\n\n\n\n<p><\/p>\n\n\n\n<p>En los <strong>seres humanos, la enfermedad tiene un per\u00edodo de incubaci\u00f3n de 2 a 10 d\u00edas<\/strong> y si bien en la mayor\u00eda de los casos es asintom\u00e1tica puede presentarse con s\u00edntomas como fiebre, cansancio, dolores musculares y malestar general que se resuelven espont\u00e1neamente en un lapso de siete a diez d\u00edas. Algunos casos pueden evolucionar a cuadros de encefalitis.<\/p>\n\n\n\n<p><\/p>\n\n\n\n<p>Cabe se\u00f1alar que <a href=\"https:\/\/cdnoticias.com\/index.php\/2024\/01\/01\/confirmaron-el-primer-fallecido-por-encefalitis-equina-en-el-pais\/\">el 1 de enero se confirm\u00f3 la primera muerte por encefalitis equina en el pa\u00eds. <\/a> Se trat\u00f3 de un pe\u00f3n rural que se desempe\u00f1aba en un campo de la provincia de Santa Fe.<\/p>\n\n\n\n<p><\/p>\n\n\n\n<p>Para <strong>prevenir la picadura de mosquitos<\/strong> que pueden transmitir la enfermedad, el Ministerio de Salud de la provincia recomienda:<\/p>\n\n\n\n<p><\/p>\n\n\n\n<ul class=\"wp-block-list\">\n<li>Aplicarse peri\u00f3dicamente repelentes de insectos con el ingrediente activo DEET mientras se realizan tareas en el exterior o dentro de establecimientos donde se hayan detectado animales enfermos o muertos. Es necesario volver a aplicar el producto peri\u00f3dicamente.<\/li>\n<\/ul>\n\n\n\n<ul class=\"wp-block-list\">\n<li>Colocar telas mosquiteras en puertas y ventanas.<\/li>\n<\/ul>\n\n\n\n<ul class=\"wp-block-list\">\n<li>Utilizar ropa clara y preferentemente de manga larga.<\/li>\n<\/ul>\n\n\n\n<ul class=\"wp-block-list\">\n<li>Utilizar espirales en el exterior y pastillas o aerosoles en el interior de las edificaciones.<\/li>\n<\/ul>\n\n\n\n<p><strong>Medidas de saneamiento ambiental<\/strong><\/p>\n\n\n\n<ul class=\"wp-block-list\">\n<li>Evitar la acumulaci\u00f3n de agua en el suelo.<\/li>\n<\/ul>\n\n\n\n<ul class=\"wp-block-list\">\n<li>Desmalezar predios y mantener el pasto corto.<\/li>\n<\/ul>\n\n\n\n<ul class=\"wp-block-list\">\n<li>Eliminar o colocar bajo techo recipientes y otros objetos que puedan acumular agua.<\/li>\n<\/ul>\n\n\n\n<ul class=\"wp-block-list\">\n<li>Ante la presencia de s\u00edntomas consultar al centro de salud m\u00e1s cercano.<\/li>\n<\/ul>\n\n\n\n<p>Fuente: DIB<\/p>\n","protected":false},"excerpt":{"rendered":"<p>El Ministerio de Salud bonaerense dio a conocer la informaci\u00f3n. Se trata de una mujer de 74 a\u00f1os. Hay cinco<\/p>\n","protected":false},"author":6,"featured_media":103094,"comment_status":"closed","ping_status":"closed","sticky":false,"template":"","format":"standard","meta":{"_jetpack_memberships_contains_paid_content":false,"footnotes":""},"categories":[6,1],"tags":[],"class_list":["post-106534","post","type-post","status-publish","format-standard","has-post-thumbnail","hentry","category-nacionales","category-portada"],"jetpack_featured_media_url":"https:\/\/i0.wp.com\/cdnoticias.com\/wp-content\/uploads\/2023\/11\/caballos-gob-costa.jpg?fit=800%2C450&ssl=1","jetpack_sharing_enabled":true,"_links":{"self":[{"href":"https:\/\/cdnoticias.com\/index.php\/wp-json\/wp\/v2\/posts\/106534","targetHints":{"allow":["GET"]}}],"collection":[{"href":"https:\/\/cdnoticias.com\/index.php\/wp-json\/wp\/v2\/posts"}],"about":[{"href":"https:\/\/cdnoticias.com\/index.php\/wp-json\/wp\/v2\/types\/post"}],"author":[{"embeddable":true,"href":"https:\/\/cdnoticias.com\/index.php\/wp-json\/wp\/v2\/users\/6"}],"replies":[{"embeddable":true,"href":"https:\/\/cdnoticias.com\/index.php\/wp-json\/wp\/v2\/comments?post=106534"}],"version-history":[{"count":0,"href":"https:\/\/cdnoticias.com\/index.php\/wp-json\/wp\/v2\/posts\/106534\/revisions"}],"wp:featuredmedia":[{"embeddable":true,"href":"https:\/\/cdnoticias.com\/index.php\/wp-json\/wp\/v2\/media\/103094"}],"wp:attachment":[{"href":"https:\/\/cdnoticias.com\/index.php\/wp-json\/wp\/v2\/media?parent=106534"}],"wp:term":[{"taxonomy":"category","embeddable":true,"href":"https:\/\/cdnoticias.com\/index.php\/wp-json\/wp\/v2\/categories?post=106534"},{"taxonomy":"post_tag","embeddable":true,"href":"https:\/\/cdnoticias.com\/index.php\/wp-json\/wp\/v2\/tags?post=106534"}],"curies":[{"name":"wp","href":"https:\/\/api.w.org\/{rel}","templated":true}]}}