{"id":106506,"date":"2024-01-11T18:10:59","date_gmt":"2024-01-11T21:10:59","guid":{"rendered":"https:\/\/cdnoticias.com\/?p=106506"},"modified":"2024-01-12T09:57:39","modified_gmt":"2024-01-12T12:57:39","slug":"barrio-lujan-en-un-allanamiento-encontraron-una-moto-robada-en-bolivar","status":"publish","type":"post","link":"https:\/\/cdnoticias.com\/index.php\/2024\/01\/11\/barrio-lujan-en-un-allanamiento-encontraron-una-moto-robada-en-bolivar\/","title":{"rendered":"Barrio Luj\u00e1n: en un allanamiento, encontraron una moto robada en Bol\u00edvar"},"content":{"rendered":"\n<p>Secuestraron armas y municiones, adem\u00e1s de partes de otras motos que fueron robadas en la jurisdicci\u00f3n. Detuvieron a un hombre de 27 a\u00f1os y una joven de 19 por \u201cactitud hostil\u201d contra el personal policial.<\/p>\n\n\n\n<hr class=\"wp-block-separator aligncenter has-alpha-channel-opacity\"\/>\n\n\n\n<p>El pasado jueves, <strong>un importante allanamiento en Barrio Luj\u00e1n permiti\u00f3 recuperar una moto Honda que hab\u00eda sido robada en la localidad de Bol\u00edvar. Adem\u00e1s, encontraron otras partes de motos presuntamente robadas y varias armas. Hubo dos aprehendidos<\/strong>: el morador del domicilio allanado y una joven que tuvo una \u201cactitud hostil\u201d contra el personal policial.<\/p>\n\n\n\n<p>Seg\u00fan se inform\u00f3 oficlamente, la SubDDI Olavarr\u00eda efectiviz\u00f3 el pedido aprobado por el Juzgado de Garant\u00edas N\u00b01 de la doctora Fabiana San Rom\u00e1n luego de haber avanzado <strong>varias investigaciones por robo y hurto de motos. <\/strong>Estas causas son llevadas adelante por el doctor Jos\u00e9 Iturralde (Autores Ignorados) y el instructor judicial Facundo S\u00e1nchez.<\/p>\n\n\n\n<p>En el domicilio allanado, en tanto, encontraron una <strong>moto Honda 250cc que ten\u00eda un pedido de secuestro a solicitud de la UFI N\u00b011 de Bol\u00edvar<\/strong>. Adem\u00e1s, encontraron <strong>cachas pl\u00e1sticas pertenecientes a otras motos robadas en la jurisdicci\u00f3n.<\/strong><\/p>\n\n\n\n<p><strong>Tambi\u00e9n hallaron dos armas de fuego: un rev\u00f3lver calibre 22 y una escopeta calibre 16 junto a varias municiones de las armas, as\u00ed como tambi\u00e9n de calibre 32.<\/strong> Por ello se labraron causas caratuladas como \u201cTenencia Ilegal de Armas de fuego de uso civil\u201d. <strong>Adem\u00e1s, se inici\u00f3 otra causa luego de encontrar una licencia de conducir ap\u00f3crifa.<\/strong><\/p>\n\n\n\n<p>Los agentes judiciales, que estuvieron presentes en el lugar, <strong>dictaminaron la aprehensi\u00f3n de un joven de 27 a\u00f1os por \u201cEncubrimiento agravado\u201d y las causas mencionadas. Pero adem\u00e1s una joven de 19 a\u00f1os tambi\u00e9n termin\u00f3 apresada luego de \u201ctornarse hostil\u201d contra el personal policial y da\u00f1ar un patrullero a golpes con un casco. El pasado lunes, el Juzgado de Garant\u00edas convirti\u00f3 las aprehensiones en detenciones.<\/strong><\/p>\n\n\n\n<p>Finalmente, se expres\u00f3 que hubo colaboraci\u00f3n de efectivos de Comisar\u00eda Segunda, personal de Motopolic\u00eda, Comando de Patrullas y Protecci\u00f3n Ciudadana municipal.<\/p>\n","protected":false},"excerpt":{"rendered":"<p>Secuestraron armas y municiones, adem\u00e1s de partes de otras motos que fueron robadas en la jurisdicci\u00f3n. Detuvieron a un hombre<\/p>\n","protected":false},"author":2,"featured_media":106507,"comment_status":"closed","ping_status":"closed","sticky":false,"template":"","format":"standard","meta":{"_jetpack_memberships_contains_paid_content":false,"footnotes":""},"categories":[14,1],"tags":[],"class_list":["post-106506","post","type-post","status-publish","format-standard","has-post-thumbnail","hentry","category-policiales","category-portada"],"jetpack_featured_media_url":"https:\/\/i0.wp.com\/cdnoticias.com\/wp-content\/uploads\/2024\/01\/Diseno-sin-titulo-1-1.jpg?fit=1000%2C600&ssl=1","jetpack_sharing_enabled":true,"_links":{"self":[{"href":"https:\/\/cdnoticias.com\/index.php\/wp-json\/wp\/v2\/posts\/106506","targetHints":{"allow":["GET"]}}],"collection":[{"href":"https:\/\/cdnoticias.com\/index.php\/wp-json\/wp\/v2\/posts"}],"about":[{"href":"https:\/\/cdnoticias.com\/index.php\/wp-json\/wp\/v2\/types\/post"}],"author":[{"embeddable":true,"href":"https:\/\/cdnoticias.com\/index.php\/wp-json\/wp\/v2\/users\/2"}],"replies":[{"embeddable":true,"href":"https:\/\/cdnoticias.com\/index.php\/wp-json\/wp\/v2\/comments?post=106506"}],"version-history":[{"count":0,"href":"https:\/\/cdnoticias.com\/index.php\/wp-json\/wp\/v2\/posts\/106506\/revisions"}],"wp:featuredmedia":[{"embeddable":true,"href":"https:\/\/cdnoticias.com\/index.php\/wp-json\/wp\/v2\/media\/106507"}],"wp:attachment":[{"href":"https:\/\/cdnoticias.com\/index.php\/wp-json\/wp\/v2\/media?parent=106506"}],"wp:term":[{"taxonomy":"category","embeddable":true,"href":"https:\/\/cdnoticias.com\/index.php\/wp-json\/wp\/v2\/categories?post=106506"},{"taxonomy":"post_tag","embeddable":true,"href":"https:\/\/cdnoticias.com\/index.php\/wp-json\/wp\/v2\/tags?post=106506"}],"curies":[{"name":"wp","href":"https:\/\/api.w.org\/{rel}","templated":true}]}}