{"id":106504,"date":"2024-01-11T17:30:17","date_gmt":"2024-01-11T20:30:17","guid":{"rendered":"https:\/\/cdnoticias.com\/?p=106504"},"modified":"2024-01-11T20:38:33","modified_gmt":"2024-01-11T23:38:33","slug":"la-inflacion-de-diciembre-llego-al-255-y-en-todo-2023-supero-el-210","status":"publish","type":"post","link":"https:\/\/cdnoticias.com\/index.php\/2024\/01\/11\/la-inflacion-de-diciembre-llego-al-255-y-en-todo-2023-supero-el-210\/","title":{"rendered":"La inflaci\u00f3n de diciembre lleg\u00f3 al 25,5% y en todo 2023 super\u00f3 el 210%"},"content":{"rendered":"\n<p>Es el primer porcentaje de la gesti\u00f3n de Javier Milei. El rubro que m\u00e1s subi\u00f3 en diciembre fue el de bienes y servicios, con 32,7% de aumento, seguido por salud, que sufri\u00f3 un incremento de 32,6%.<\/p>\n\n\n\n<hr class=\"wp-block-separator aligncenter has-alpha-channel-opacity\"\/>\n\n\n\n<p>El <strong>\u00edndice de precios al consumidor <\/strong>(IPC-Costo de Vida) <strong>registr\u00f3 en diciembre una suba de 25,5% y de 211,4% a lo largo de 2023,<\/strong> inform\u00f3 este jueves el Instituto Nacional de Estad\u00edstica y Censos (Indec). El incremento anual fue el m\u00e1s alto desde 1990 a la fecha, a\u00f1o que cerr\u00f3 con una <strong>hiperinflaci\u00f3n de 1.349%.<\/strong><\/p>\n\n\n\n<p><\/p>\n\n\n\n<p>Las estimaciones de <strong>consultoras privadas<\/strong> hab\u00edan anticipado que la suba de precios se ubicar\u00eda en un rango de entre<strong> 25% y 30%.<\/strong><\/p>\n\n\n\n<p><\/p>\n\n\n\n<p>En diciembre, la divisi\u00f3n de mayor aumento fue <strong>Bienes y servicios varios (32,7%), <\/strong>producto de las subas en art\u00edculos de cuidado personal; seguida por <strong>Salud (32,6%), <\/strong>por las variaciones en medicamentos y las cuotas de medicina prepaga; y<strong> Transporte (31,7%), <\/strong>por los incrementos en los combustibles.<\/p>\n\n\n\n<p><\/p>\n\n\n\n<p>Sin embargo, la divisi\u00f3n con <strong>mayor incidencia en todas las regiones fue Alimentos y bebidas no alcoh\u00f3licas, <\/strong>con un <strong>incremento del 29,7%,<\/strong> preciso el Indec, impulsada por los precios de la Carne y derivados, y de Pan y cereales.<\/p>\n\n\n\n<p><\/p>\n\n\n\n<blockquote class=\"wp-block-quote is-layout-flow wp-block-quote-is-layout-flow\">\n<p>En el \u00faltimo mes de 2023, los rubros que registraron las menores variaciones fueron Educaci\u00f3n, 6,2%; y Vivienda, agua, electricidad y otros combustibles, 13,8%.<\/p>\n<\/blockquote>\n\n\n\n<p><\/p>\n\n\n\n<p>Por categor\u00edas, el IPC N\u00facleo aument\u00f3 28,3%; seguida por los Precios Regulados, 20,7%; y los productos y servicios Estacionales, que registraron un incremento de 16,2%.<\/p>\n\n\n\n<p><em>Fuente: DIB<\/em><\/p>\n","protected":false},"excerpt":{"rendered":"<p>Es el primer porcentaje de la gesti\u00f3n de Javier Milei. El rubro que m\u00e1s subi\u00f3 en diciembre fue el de<\/p>\n","protected":false},"author":6,"featured_media":67637,"comment_status":"closed","ping_status":"closed","sticky":false,"template":"","format":"standard","meta":{"_jetpack_memberships_contains_paid_content":false,"footnotes":""},"categories":[6,1],"tags":[],"class_list":["post-106504","post","type-post","status-publish","format-standard","has-post-thumbnail","hentry","category-nacionales","category-portada"],"jetpack_featured_media_url":"https:\/\/i0.wp.com\/cdnoticias.com\/wp-content\/uploads\/2022\/10\/SUPERMERCADOS_MG_8486__WEB-696x344-1.jpg?fit=696%2C344&ssl=1","jetpack_sharing_enabled":true,"_links":{"self":[{"href":"https:\/\/cdnoticias.com\/index.php\/wp-json\/wp\/v2\/posts\/106504","targetHints":{"allow":["GET"]}}],"collection":[{"href":"https:\/\/cdnoticias.com\/index.php\/wp-json\/wp\/v2\/posts"}],"about":[{"href":"https:\/\/cdnoticias.com\/index.php\/wp-json\/wp\/v2\/types\/post"}],"author":[{"embeddable":true,"href":"https:\/\/cdnoticias.com\/index.php\/wp-json\/wp\/v2\/users\/6"}],"replies":[{"embeddable":true,"href":"https:\/\/cdnoticias.com\/index.php\/wp-json\/wp\/v2\/comments?post=106504"}],"version-history":[{"count":0,"href":"https:\/\/cdnoticias.com\/index.php\/wp-json\/wp\/v2\/posts\/106504\/revisions"}],"wp:featuredmedia":[{"embeddable":true,"href":"https:\/\/cdnoticias.com\/index.php\/wp-json\/wp\/v2\/media\/67637"}],"wp:attachment":[{"href":"https:\/\/cdnoticias.com\/index.php\/wp-json\/wp\/v2\/media?parent=106504"}],"wp:term":[{"taxonomy":"category","embeddable":true,"href":"https:\/\/cdnoticias.com\/index.php\/wp-json\/wp\/v2\/categories?post=106504"},{"taxonomy":"post_tag","embeddable":true,"href":"https:\/\/cdnoticias.com\/index.php\/wp-json\/wp\/v2\/tags?post=106504"}],"curies":[{"name":"wp","href":"https:\/\/api.w.org\/{rel}","templated":true}]}}