{"id":106482,"date":"2024-01-11T11:59:41","date_gmt":"2024-01-11T14:59:41","guid":{"rendered":"https:\/\/cdnoticias.com\/?p=106482"},"modified":"2024-01-11T18:55:10","modified_gmt":"2024-01-11T21:55:10","slug":"transito-amplian-zonas-de-estacionamiento-para-bicicletas-y-motos","status":"publish","type":"post","link":"https:\/\/cdnoticias.com\/index.php\/2024\/01\/11\/transito-amplian-zonas-de-estacionamiento-para-bicicletas-y-motos\/","title":{"rendered":"Tr\u00e1nsito: ampl\u00edan zonas de estacionamiento para bicicletas y motos"},"content":{"rendered":"\n<p>Las mejoras tambi\u00e9n comprendieron en asignar m\u00e1s espacios exclusivos para personas con movilidad reducida. La medida de la Direcci\u00f3n de Control Urbano busca &#8220;optimizar la movilidad de los ciudadanos&#8221;.<\/p>\n\n\n\n<hr class=\"wp-block-separator aligncenter has-alpha-channel-opacity is-style-wide\"\/>\n\n\n\n<p>Desde la <strong>Direcci\u00f3n de Control Urbano, dependiente de la Subsecretar\u00eda de Protecci\u00f3n Ciudadana del Municipio de Olavarr\u00eda<\/strong>, se emiti\u00f3 un informe acerca de las labores desplegadas en las \u00faltimas semanas en materia de prevenci\u00f3n vial, con el objetivo de implementar mejoras para optimizar la movilidad de los ciudadanos y organizar el tr\u00e1nsito en la ciudad.<\/p>\n\n\n\n<p>Se detall\u00f3 que las tareas se realizaron con la colaboraci\u00f3n de personal de la Coordinaci\u00f3n de Ambiente <strong>y consistieron, en la ampliaci\u00f3n y perfeccionamiento de estacionamientos destinados a bicicletas y motocicletas en la zona c\u00e9ntrica<\/strong>.<\/p>\n\n\n\n<blockquote class=\"wp-block-quote is-layout-flow wp-block-quote-is-layout-flow\">\n<p>Al respecto, se explic\u00f3 que el prop\u00f3sito de estas acciones <em>es promover el uso de estos medios de transporte, con especial \u00e9nfasis en la bicicleta para de esta manera fomentar la Movilidad Sustentable y con ello la adopci\u00f3n de h\u00e1bitos saludables, con menor impacto ambiental y que adem\u00e1s contribuyen a la descongesti\u00f3n de la v\u00eda p\u00fablica.<\/em><\/p>\n<\/blockquote>\n\n\n\n<figure class=\"wp-block-image size-full\"><img data-recalc-dims=\"1\" loading=\"lazy\" decoding=\"async\" width=\"800\" height=\"445\" src=\"https:\/\/i0.wp.com\/cdnoticias.com\/wp-content\/uploads\/2024\/01\/estacionamiento-bici.jpg?resize=800%2C445&#038;ssl=1\" alt=\"\" class=\"wp-image-106484\" srcset=\"https:\/\/i0.wp.com\/cdnoticias.com\/wp-content\/uploads\/2024\/01\/estacionamiento-bici.jpg?w=800&amp;ssl=1 800w, https:\/\/i0.wp.com\/cdnoticias.com\/wp-content\/uploads\/2024\/01\/estacionamiento-bici.jpg?resize=300%2C167&amp;ssl=1 300w, https:\/\/i0.wp.com\/cdnoticias.com\/wp-content\/uploads\/2024\/01\/estacionamiento-bici.jpg?resize=768%2C427&amp;ssl=1 768w\" sizes=\"auto, (max-width: 800px) 100vw, 800px\" \/><\/figure>\n\n\n\n<p>Se enumer\u00f3 que los sectores intervenidos fueron las cercan\u00edas de edificios e instituciones sumamente concurridas, como por ejemplo las sedes de Camuzzi, Banco Provincia (en sus sucursales del centro y microcentro), ANSES, Banco Naci\u00f3n, Secretar\u00eda de Desarrollo Econ\u00f3mico y el Centro Cultural Municipal San Jos\u00e9.<\/p>\n\n\n\n<p><strong>Las mejoras comprendieron demarcaciones en los estacionamientos, asignando \u00e1reas exclusivas para motocicletas, bicicletas y para personas con movilidad reducida<\/strong>. Adem\u00e1s, se ampliaron estos sectores en respuesta a la observaci\u00f3n de la falta de espacio para responder a esta demanda durante los horarios pico.<\/p>\n\n\n\n<blockquote class=\"wp-block-quote is-layout-flow wp-block-quote-is-layout-flow\">\n<p>Estas iniciativas buscan mejorar la experiencia de quienes optan por medios de transporte m\u00e1s sostenibles, facilitando su movilidad y fomentando la elecci\u00f3n de opciones amigables con el medio ambiente.<\/p>\n<\/blockquote>\n\n\n\n<p>En cuanto a los beneficios del uso de la bicicleta, desde la Direcci\u00f3n de Control Urbano se ponder\u00f3 que esta elecci\u00f3n de transporte ofrece una gama completa de beneficios para la salud y el bienestar, como as\u00ed tambi\u00e9n<strong> una forma econ\u00f3mica de movilizarse que contribuye descomprimir y agilizar el tr\u00e1nsito en la ciudad.<\/strong><\/p>\n","protected":false},"excerpt":{"rendered":"<p>Las mejoras tambi\u00e9n comprendieron en asignar m\u00e1s espacios exclusivos para personas con movilidad reducida. La medida de la Direcci\u00f3n de<\/p>\n","protected":false},"author":2,"featured_media":106483,"comment_status":"closed","ping_status":"closed","sticky":false,"template":"","format":"standard","meta":{"_jetpack_memberships_contains_paid_content":false,"footnotes":""},"categories":[5,1],"tags":[],"class_list":["post-106482","post","type-post","status-publish","format-standard","has-post-thumbnail","hentry","category-informacion-general","category-portada"],"jetpack_featured_media_url":"https:\/\/i0.wp.com\/cdnoticias.com\/wp-content\/uploads\/2024\/01\/Bicicletero-Anses1.jpeg.jpg?fit=800%2C445&ssl=1","jetpack_sharing_enabled":true,"_links":{"self":[{"href":"https:\/\/cdnoticias.com\/index.php\/wp-json\/wp\/v2\/posts\/106482","targetHints":{"allow":["GET"]}}],"collection":[{"href":"https:\/\/cdnoticias.com\/index.php\/wp-json\/wp\/v2\/posts"}],"about":[{"href":"https:\/\/cdnoticias.com\/index.php\/wp-json\/wp\/v2\/types\/post"}],"author":[{"embeddable":true,"href":"https:\/\/cdnoticias.com\/index.php\/wp-json\/wp\/v2\/users\/2"}],"replies":[{"embeddable":true,"href":"https:\/\/cdnoticias.com\/index.php\/wp-json\/wp\/v2\/comments?post=106482"}],"version-history":[{"count":0,"href":"https:\/\/cdnoticias.com\/index.php\/wp-json\/wp\/v2\/posts\/106482\/revisions"}],"wp:featuredmedia":[{"embeddable":true,"href":"https:\/\/cdnoticias.com\/index.php\/wp-json\/wp\/v2\/media\/106483"}],"wp:attachment":[{"href":"https:\/\/cdnoticias.com\/index.php\/wp-json\/wp\/v2\/media?parent=106482"}],"wp:term":[{"taxonomy":"category","embeddable":true,"href":"https:\/\/cdnoticias.com\/index.php\/wp-json\/wp\/v2\/categories?post=106482"},{"taxonomy":"post_tag","embeddable":true,"href":"https:\/\/cdnoticias.com\/index.php\/wp-json\/wp\/v2\/tags?post=106482"}],"curies":[{"name":"wp","href":"https:\/\/api.w.org\/{rel}","templated":true}]}}