{"id":106442,"date":"2024-01-11T10:10:29","date_gmt":"2024-01-11T13:10:29","guid":{"rendered":"https:\/\/cdnoticias.com\/?p=106442"},"modified":"2024-01-11T10:13:54","modified_gmt":"2024-01-11T13:13:54","slug":"la-mesa-directiva-de-la-ucr-mantuvo-un-encuentro-con-los-concejales-de-su-bloque","status":"publish","type":"post","link":"https:\/\/cdnoticias.com\/index.php\/2024\/01\/11\/la-mesa-directiva-de-la-ucr-mantuvo-un-encuentro-con-los-concejales-de-su-bloque\/","title":{"rendered":"La Mesa Directiva de la UCR mantuvo un encuentro con los concejales de su bloque"},"content":{"rendered":"<p>La reuni\u00f3n se llev\u00f3 a cabo a fin de comenzar a trabajar en un proyecto de ordenanza sobre Patrimonio Hist\u00f3rico Cultural. El objetivo es que se presente en el transcurso de este a\u00f1o al HCD.<\/p>\n<p><!--more--><\/p>\n<hr \/>\n<p>La<strong> Mesa Directiva de la Uni\u00f3n C\u00edvica Radical de Olavarr\u00eda<\/strong> mantuvo un <strong>encuentro con los concejales de su bloque<\/strong> para comenzar a trabajar en <strong>un proyecto de ordenanza sobre Patrimonio Hist\u00f3rico Cultural<\/strong> en la ciudad.<\/p>\n<p>Desde el bloque UCR<strong> se han presentado a\u00f1os anteriores<\/strong> propuestas con el fin de brindar al Partido un marco legislativo para el cuidado y la preservaci\u00f3n de su historia.<em> &#8220;En alg\u00fan momento se cont\u00f3 con una ordenanza de este estilo, con un listado de edificios taxativamente enunciados, pero luego actos administrativos hicieron que quedara derogada&#8221;<\/em> se indic\u00f3 sobre el tema.<\/p>\n<p>Durante estos \u00faltimos tiempos, adem\u00e1s, <strong>los ediles han trabajado en diversas propuestas dedicadas a preservar y aumentar el patrimonio<\/strong>, as\u00ed como exponer o exhibir y visibilizar los bienes hist\u00f3ricos &#8211; culturales de Olavarr\u00eda.<\/p>\n<blockquote><p>\u201cEsta labor que se ha iniciado ser\u00e1 un largo camino donde sabemos que no ser\u00e1 f\u00e1cil, que distintos actores de la ciudad tienen que ser escuchados para lograr a trav\u00e9s de los consensos necesarios la mejor ordenanza para una ciudad que tiene mucho por contar a sus generaciones venideras\u201d, se\u00f1al\u00f3 la presidente del partido, Bel\u00e9n Vergel.<\/p><\/blockquote>\n<p>Por su parte, el <strong>vicepresidente de la UCR, Sim\u00f3n Schwab<\/strong>, mencion\u00f3 que \u201cesperamos este a\u00f1o poder contar con <strong>una ordenanza que contemple el valor arquitect\u00f3nico, simb\u00f3lico, paisaj\u00edstico y urban\u00edstico, representativos de nuestra historia<\/strong>, y que los existentes constituyen verdaderos hitos visuales y por ello requieren una importante intervenci\u00f3n y continuidad en los distintos grados de preservaci\u00f3n\u201d.<\/p>\n<p>Al finalizar el encuentro qued\u00f3 conformada una <strong>agenda de trabajo, lineamientos de acci\u00f3n y el compromiso de que la ordenanza sea presentada<\/strong> en el Concejo Deliberante en el transcurso de este a\u00f1o.<\/p>\n","protected":false},"excerpt":{"rendered":"<p>La reuni\u00f3n se llev\u00f3 a cabo a fin de comenzar a trabajar en un proyecto de ordenanza sobre Patrimonio Hist\u00f3rico<\/p>\n","protected":false},"author":4,"featured_media":106443,"comment_status":"closed","ping_status":"closed","sticky":false,"template":"","format":"standard","meta":{"_jetpack_memberships_contains_paid_content":false,"footnotes":""},"categories":[4,1],"tags":[],"class_list":["post-106442","post","type-post","status-publish","format-standard","has-post-thumbnail","hentry","category-politica","category-portada"],"jetpack_featured_media_url":"https:\/\/i0.wp.com\/cdnoticias.com\/wp-content\/uploads\/2024\/01\/concejales-UCR.jpg?fit=800%2C445&ssl=1","jetpack_sharing_enabled":true,"_links":{"self":[{"href":"https:\/\/cdnoticias.com\/index.php\/wp-json\/wp\/v2\/posts\/106442","targetHints":{"allow":["GET"]}}],"collection":[{"href":"https:\/\/cdnoticias.com\/index.php\/wp-json\/wp\/v2\/posts"}],"about":[{"href":"https:\/\/cdnoticias.com\/index.php\/wp-json\/wp\/v2\/types\/post"}],"author":[{"embeddable":true,"href":"https:\/\/cdnoticias.com\/index.php\/wp-json\/wp\/v2\/users\/4"}],"replies":[{"embeddable":true,"href":"https:\/\/cdnoticias.com\/index.php\/wp-json\/wp\/v2\/comments?post=106442"}],"version-history":[{"count":0,"href":"https:\/\/cdnoticias.com\/index.php\/wp-json\/wp\/v2\/posts\/106442\/revisions"}],"wp:featuredmedia":[{"embeddable":true,"href":"https:\/\/cdnoticias.com\/index.php\/wp-json\/wp\/v2\/media\/106443"}],"wp:attachment":[{"href":"https:\/\/cdnoticias.com\/index.php\/wp-json\/wp\/v2\/media?parent=106442"}],"wp:term":[{"taxonomy":"category","embeddable":true,"href":"https:\/\/cdnoticias.com\/index.php\/wp-json\/wp\/v2\/categories?post=106442"},{"taxonomy":"post_tag","embeddable":true,"href":"https:\/\/cdnoticias.com\/index.php\/wp-json\/wp\/v2\/tags?post=106442"}],"curies":[{"name":"wp","href":"https:\/\/api.w.org\/{rel}","templated":true}]}}