{"id":106430,"date":"2024-01-11T08:45:11","date_gmt":"2024-01-11T11:45:11","guid":{"rendered":"https:\/\/cdnoticias.com\/?p=106430"},"modified":"2024-01-11T11:11:13","modified_gmt":"2024-01-11T14:11:13","slug":"dos-heridas-en-un-siniestro-vial-sobre-avenida-alberdi","status":"publish","type":"post","link":"https:\/\/cdnoticias.com\/index.php\/2024\/01\/11\/dos-heridas-en-un-siniestro-vial-sobre-avenida-alberdi\/","title":{"rendered":"Dos heridas en un siniestro vial sobre avenida Alberdi"},"content":{"rendered":"<p>Chocaron una camioneta y una moto pasadas las 22 del mi\u00e9rcoles. Dos mujeres de 34 y 19 a\u00f1os que iban en la moto resultaron con heridas al caer del rodado.<\/p>\n<p><!--more--><\/p>\n<hr \/>\n<p>Un <strong>siniestro vial<\/strong> dej\u00f3 a <strong>dos mujeres heridas<\/strong> en Olavarr\u00eda en la noche del mi\u00e9rcoles.<\/p>\n<p>Se trat\u00f3 de un <strong>choque registrado en Alberdi y Jos\u00e9 Luis Torres<\/strong> pasadas las 22 del mi\u00e9rcoles.<\/p>\n<p><img data-recalc-dims=\"1\" loading=\"lazy\" decoding=\"async\" class=\"size-full wp-image-106431 aligncenter\" src=\"https:\/\/i0.wp.com\/cdnoticias.com\/wp-content\/uploads\/2024\/01\/choque-alberdi-y-torres-01.jpg?resize=800%2C445&#038;ssl=1\" alt=\"\" width=\"800\" height=\"445\" srcset=\"https:\/\/i0.wp.com\/cdnoticias.com\/wp-content\/uploads\/2024\/01\/choque-alberdi-y-torres-01.jpg?w=998&amp;ssl=1 998w, https:\/\/i0.wp.com\/cdnoticias.com\/wp-content\/uploads\/2024\/01\/choque-alberdi-y-torres-01.jpg?resize=300%2C167&amp;ssl=1 300w, https:\/\/i0.wp.com\/cdnoticias.com\/wp-content\/uploads\/2024\/01\/choque-alberdi-y-torres-01.jpg?resize=768%2C427&amp;ssl=1 768w, https:\/\/i0.wp.com\/cdnoticias.com\/wp-content\/uploads\/2024\/01\/choque-alberdi-y-torres-01.jpg?resize=800%2C445&amp;ssl=1 800w\" sizes=\"auto, (max-width: 800px) 100vw, 800px\" \/><\/p>\n<p>Se vieron involucrados una <strong>camioneta Ford Eco Sport<\/strong> y una <strong>moto Zanella 125 cc<\/strong> en la que transitaban dos mujeres de 34 y 19 a\u00f1os. Producto del impacto,<strong> la moto qued\u00f3 debajo de la camioneta <\/strong>sobre la avenida<strong>.<\/strong><\/p>\n<p><strong>Las dos ocupantes de la moto cayeron del rodado y resultaron con lesiones.<\/strong> Fueron trasladadas al Hospital Municipal donde recibieron atenci\u00f3n m\u00e9dica. Se estableci\u00f3 que <strong>una de las v\u00edctimas sufri\u00f3 una fractura de tobillo y la otra, traumatismo de tobillo.<\/strong><\/p>\n","protected":false},"excerpt":{"rendered":"<p>Chocaron una camioneta y una moto pasadas las 22 del mi\u00e9rcoles. Dos mujeres de 34 y 19 a\u00f1os que iban<\/p>\n","protected":false},"author":4,"featured_media":106432,"comment_status":"closed","ping_status":"closed","sticky":false,"template":"","format":"standard","meta":{"_jetpack_memberships_contains_paid_content":false,"footnotes":""},"categories":[14,1],"tags":[],"class_list":["post-106430","post","type-post","status-publish","format-standard","has-post-thumbnail","hentry","category-policiales","category-portada"],"jetpack_featured_media_url":"https:\/\/i0.wp.com\/cdnoticias.com\/wp-content\/uploads\/2024\/01\/choque-alberdi-y-torres-00.jpg?fit=809%2C450&ssl=1","jetpack_sharing_enabled":true,"_links":{"self":[{"href":"https:\/\/cdnoticias.com\/index.php\/wp-json\/wp\/v2\/posts\/106430","targetHints":{"allow":["GET"]}}],"collection":[{"href":"https:\/\/cdnoticias.com\/index.php\/wp-json\/wp\/v2\/posts"}],"about":[{"href":"https:\/\/cdnoticias.com\/index.php\/wp-json\/wp\/v2\/types\/post"}],"author":[{"embeddable":true,"href":"https:\/\/cdnoticias.com\/index.php\/wp-json\/wp\/v2\/users\/4"}],"replies":[{"embeddable":true,"href":"https:\/\/cdnoticias.com\/index.php\/wp-json\/wp\/v2\/comments?post=106430"}],"version-history":[{"count":0,"href":"https:\/\/cdnoticias.com\/index.php\/wp-json\/wp\/v2\/posts\/106430\/revisions"}],"wp:featuredmedia":[{"embeddable":true,"href":"https:\/\/cdnoticias.com\/index.php\/wp-json\/wp\/v2\/media\/106432"}],"wp:attachment":[{"href":"https:\/\/cdnoticias.com\/index.php\/wp-json\/wp\/v2\/media?parent=106430"}],"wp:term":[{"taxonomy":"category","embeddable":true,"href":"https:\/\/cdnoticias.com\/index.php\/wp-json\/wp\/v2\/categories?post=106430"},{"taxonomy":"post_tag","embeddable":true,"href":"https:\/\/cdnoticias.com\/index.php\/wp-json\/wp\/v2\/tags?post=106430"}],"curies":[{"name":"wp","href":"https:\/\/api.w.org\/{rel}","templated":true}]}}