{"id":106371,"date":"2024-01-10T18:00:10","date_gmt":"2024-01-10T21:00:10","guid":{"rendered":"https:\/\/cdnoticias.com\/?p=106371"},"modified":"2024-01-10T19:29:20","modified_gmt":"2024-01-10T22:29:20","slug":"el-objetivo-es-fortalecer-el-sistema-de-atencion-primaria-de-la-salud","status":"publish","type":"post","link":"https:\/\/cdnoticias.com\/index.php\/2024\/01\/10\/el-objetivo-es-fortalecer-el-sistema-de-atencion-primaria-de-la-salud\/","title":{"rendered":"&#8220;El objetivo es fortalecer el sistema de atenci\u00f3n primaria de la salud&#8221;"},"content":{"rendered":"\n<p>Lo dijo el intendente Maximiliano Wesner quien recorri\u00f3 distintos centros de salud acompa\u00f1ado por la subsecretaria de Atenci\u00f3n Primaria de la Salud, Florencia Lestrada. Dialogaron con los equipos de trabajo; respondieron inquietudes y recepcionaron sugerencias.<\/p>\n\n\n\n<hr class=\"wp-block-separator aligncenter has-alpha-channel-opacity\"\/>\n\n\n\n<p>En la ma\u00f1ana de este mi\u00e9rcoles, <strong>el intendente Maximiliano Wesner encabez\u00f3 una recorrida por centros de salud,<\/strong> acompa\u00f1ado por la subsecretaria de Atenci\u00f3n Primaria de la Salud, <strong>Florencia Lestrada.<\/strong><\/p>\n\n\n\n<p><\/p>\n\n\n\n<p>En primer lugar, visitaron las instalaciones del <strong>Servicio Municipal Territorial N\u00b0 4,<\/strong> ubicado en Rufino Fal y Beruti, donde funciona el CAPS N\u00b0 5. Posteriormente se dirigieron al <strong>CAPS N\u00b0 1 del Barrio Obrero<\/strong>, ubicado en avenida Del Valle y Chiclana.<\/p>\n\n\n\n<p><\/p>\n\n\n\n<blockquote class=\"wp-block-quote is-layout-flow wp-block-quote-is-layout-flow\">\n<p>Wesner junto a Lestrada dialogaron con integrantes de los respectivos equipos de trabajo; respondieron inquietudes y recepcionaron sugerencias.<\/p>\n<\/blockquote>\n\n\n\n<p><\/p>\n\n\n\n<p>En los CAPS (Centros de Atenci\u00f3n Primaria de la Salud) se efect\u00faan controles de embarazo, puerperio, ni\u00f1o sano, inmunizaciones, entre otras prestaciones de primer nivel. En t\u00e9rminos generales funcionan consultorios de Enfermer\u00eda, Odontolog\u00eda, Psicolog\u00eda, Nutrici\u00f3n, Ginecolog\u00eda y Obstetricia y Fonoaudiolog\u00eda.<\/p>\n\n\n\n<p><\/p>\n\n\n\n<figure class=\"wp-block-image aligncenter size-full\"><img data-recalc-dims=\"1\" loading=\"lazy\" decoding=\"async\" width=\"800\" height=\"532\" src=\"https:\/\/i0.wp.com\/cdnoticias.com\/wp-content\/uploads\/2024\/01\/wesner-salud-recorridas-caps-3.jpg?resize=800%2C532&#038;ssl=1\" alt=\"\" class=\"wp-image-106374\" srcset=\"https:\/\/i0.wp.com\/cdnoticias.com\/wp-content\/uploads\/2024\/01\/wesner-salud-recorridas-caps-3.jpg?w=1000&amp;ssl=1 1000w, https:\/\/i0.wp.com\/cdnoticias.com\/wp-content\/uploads\/2024\/01\/wesner-salud-recorridas-caps-3.jpg?resize=300%2C200&amp;ssl=1 300w, https:\/\/i0.wp.com\/cdnoticias.com\/wp-content\/uploads\/2024\/01\/wesner-salud-recorridas-caps-3.jpg?resize=768%2C511&amp;ssl=1 768w, https:\/\/i0.wp.com\/cdnoticias.com\/wp-content\/uploads\/2024\/01\/wesner-salud-recorridas-caps-3.jpg?resize=272%2C182&amp;ssl=1 272w\" sizes=\"auto, (max-width: 800px) 100vw, 800px\" \/><\/figure>\n\n\n\n<p><\/p>\n\n\n\n<p>M\u00e1s all\u00e1 de la asistencia en caso de enfermedad, el nivel primario de atenci\u00f3n en salud abarca asimismo el desarrollo de actividades complementarias de promoci\u00f3n de h\u00e1bitos saludables para, justamente, evitar o minimizar los riesgos de contraer enfermedades. Esto implica, en la mayor\u00eda de los casos, trascender las puertas de la sala y salir a territorio. El objetivo primordial es garantizar el acceso a la atenci\u00f3n primaria a cada vecino y vecina del Partido.<\/p>\n\n\n\n<p><\/p>\n\n\n\n<blockquote class=\"wp-block-quote is-layout-flow wp-block-quote-is-layout-flow\">\n<p>En este sentido, Maximiliano Wesner afirm\u00f3: \u201cEstamos recorriendo los CAPS y el objetivo es fortalecer el sistema de atenci\u00f3n primaria de la salud, hemos hecho un diagn\u00f3stico durante todo el mes de gesti\u00f3n\u201d.<\/p>\n<\/blockquote>\n\n\n\n<p><\/p>\n\n\n\n<p>Por su parte, Florencia Lestrada, detall\u00f3 que \u201c<strong><em>estamos terminando la recorrida por los diferentes CAPS, hoy elegimos algunos, la idea es que los equipos de trabajo puedan contarnos un poco su labor diaria, compartir esas actividades, fortalecerlas, nutrirlas y que podamos promover todas las ideas y los lineamientos que tenemos desde la Subsecretar\u00eda de Atenci\u00f3n Primaria, con el apoyo de nuestro Intendente\u201d<\/em><\/strong>.<\/p>\n\n\n\n<p><\/p>\n\n\n\n<figure class=\"wp-block-image aligncenter size-full\"><img data-recalc-dims=\"1\" loading=\"lazy\" decoding=\"async\" width=\"800\" height=\"532\" src=\"https:\/\/i0.wp.com\/cdnoticias.com\/wp-content\/uploads\/2024\/01\/wesner-salud-recorridas-caps-2.jpg?resize=800%2C532&#038;ssl=1\" alt=\"\" class=\"wp-image-106373\" srcset=\"https:\/\/i0.wp.com\/cdnoticias.com\/wp-content\/uploads\/2024\/01\/wesner-salud-recorridas-caps-2.jpg?w=1000&amp;ssl=1 1000w, https:\/\/i0.wp.com\/cdnoticias.com\/wp-content\/uploads\/2024\/01\/wesner-salud-recorridas-caps-2.jpg?resize=300%2C200&amp;ssl=1 300w, https:\/\/i0.wp.com\/cdnoticias.com\/wp-content\/uploads\/2024\/01\/wesner-salud-recorridas-caps-2.jpg?resize=768%2C511&amp;ssl=1 768w, https:\/\/i0.wp.com\/cdnoticias.com\/wp-content\/uploads\/2024\/01\/wesner-salud-recorridas-caps-2.jpg?resize=272%2C182&amp;ssl=1 272w\" sizes=\"auto, (max-width: 800px) 100vw, 800px\" \/><\/figure>\n\n\n\n<p><\/p>\n","protected":false},"excerpt":{"rendered":"<p>Lo dijo el intendente Maximiliano Wesner quien recorri\u00f3 distintos centros de salud acompa\u00f1ado por la subsecretaria de Atenci\u00f3n Primaria de<\/p>\n","protected":false},"author":6,"featured_media":106375,"comment_status":"closed","ping_status":"closed","sticky":false,"template":"","format":"standard","meta":{"_jetpack_memberships_contains_paid_content":false,"footnotes":""},"categories":[5,1],"tags":[],"class_list":["post-106371","post","type-post","status-publish","format-standard","has-post-thumbnail","hentry","category-informacion-general","category-portada"],"jetpack_featured_media_url":"https:\/\/i0.wp.com\/cdnoticias.com\/wp-content\/uploads\/2024\/01\/wesner-salud-recorridas-caps-1.jpg?fit=1000%2C665&ssl=1","jetpack_sharing_enabled":true,"_links":{"self":[{"href":"https:\/\/cdnoticias.com\/index.php\/wp-json\/wp\/v2\/posts\/106371","targetHints":{"allow":["GET"]}}],"collection":[{"href":"https:\/\/cdnoticias.com\/index.php\/wp-json\/wp\/v2\/posts"}],"about":[{"href":"https:\/\/cdnoticias.com\/index.php\/wp-json\/wp\/v2\/types\/post"}],"author":[{"embeddable":true,"href":"https:\/\/cdnoticias.com\/index.php\/wp-json\/wp\/v2\/users\/6"}],"replies":[{"embeddable":true,"href":"https:\/\/cdnoticias.com\/index.php\/wp-json\/wp\/v2\/comments?post=106371"}],"version-history":[{"count":0,"href":"https:\/\/cdnoticias.com\/index.php\/wp-json\/wp\/v2\/posts\/106371\/revisions"}],"wp:featuredmedia":[{"embeddable":true,"href":"https:\/\/cdnoticias.com\/index.php\/wp-json\/wp\/v2\/media\/106375"}],"wp:attachment":[{"href":"https:\/\/cdnoticias.com\/index.php\/wp-json\/wp\/v2\/media?parent=106371"}],"wp:term":[{"taxonomy":"category","embeddable":true,"href":"https:\/\/cdnoticias.com\/index.php\/wp-json\/wp\/v2\/categories?post=106371"},{"taxonomy":"post_tag","embeddable":true,"href":"https:\/\/cdnoticias.com\/index.php\/wp-json\/wp\/v2\/tags?post=106371"}],"curies":[{"name":"wp","href":"https:\/\/api.w.org\/{rel}","templated":true}]}}