{"id":106356,"date":"2024-01-10T13:25:10","date_gmt":"2024-01-10T16:25:10","guid":{"rendered":"https:\/\/cdnoticias.com\/?p=106356"},"modified":"2024-01-10T18:00:26","modified_gmt":"2024-01-10T21:00:26","slug":"quiebra-de-el-popular-pasivo-de-197-millones-de-pesos-e-insolvencia-del-ultimo-administrador","status":"publish","type":"post","link":"https:\/\/cdnoticias.com\/index.php\/2024\/01\/10\/quiebra-de-el-popular-pasivo-de-197-millones-de-pesos-e-insolvencia-del-ultimo-administrador\/","title":{"rendered":"Quiebra de El Popular: pasivo de 197 millones de pesos e \u201cinsolvencia\u201d del \u00faltimo administrador"},"content":{"rendered":"<p>Lo inform\u00f3 la contadora Gabriela Weisburd, s\u00edndico de la quiebra. Tras la presentaci\u00f3n del informe, resta la actuaci\u00f3n de la Justicia Civil y Comercial.<\/p>\n<p><!--more--><\/p>\n<hr \/>\n<p>En una entrevista con el<em> programa Desayuno con Noticias de Radio M<\/em>, <strong>la s\u00edndico Gabriela Weisburd que intervino en la quiebra de El Popular Medios<\/strong> habl\u00f3 sobre el<strong> informe final<\/strong> que present\u00f3 en diciembre al<strong> Juzgado Civil y Comercial N\u00ba 2 de Olavarr\u00eda<\/strong>.<\/p>\n<p><strong>\u201cEl diario El Popular no tiene bienes para pagar a la cantidad de acreedores\u201d<\/strong> subray\u00f3 la s\u00edndico que inform\u00f3 que<strong> el pasivo total determinado es de 197 millones de pesos<\/strong> a los cuales deben <strong>sumarse los juicios actualmente en proceso en el Tribunal de Trabajo<\/strong>. Al cierre del informe se hab\u00edan presentado<strong> 39 acreedores<\/strong>, pero el plazo de presentaci\u00f3n a\u00fan est\u00e1 vigente con lo que se descartan nuevos actores.<\/p>\n<blockquote><p>Respecto de la propiedad de El Popular, la contadora Weisburd resalt\u00f3 que en el informe se determin\u00f3 que \u201chay un conglomerado de empresas que es bastante amplio donde podr\u00edan existir ciertas responsabilidades ante la venta de las acciones de la empresa\u201d. En ese marco apunt\u00f3 a que se busca que determinar las responsabilidades sobre \u201ctodos los movimientos\u201d que tuvieron esas empresas, que se\u00f1al\u00f3 son entre cuatro y seis firmas distintas. \u201cSe fueron vendiendo, volviendo a vender, hay juicios de cobro en algunos casos\u201d a\u00f1adi\u00f3.<\/p><\/blockquote>\n<p>Tambi\u00e9n se refiri\u00f3 a que <strong>\u201cel \u00faltimo que se presenta como propietario de la empresa es Chelsea\u201d<\/strong>, una firma que tuvo como cara visible al <strong>empresario Lucas Torres<\/strong>, uno de los propietarios.<strong> \u201cLa persona que termina como titular, como administrador, pr\u00e1cticamente tiene una insolvencia\u201d<\/strong> afirm\u00f3.<\/p>\n<p>Weisburd a\u00f1adi\u00f3 que \u201cyendo para atr\u00e1s nos encontramos con que<strong> hay un mont\u00f3n de irregularidades entre las empresas\u201d<\/strong>, lo cual detall\u00f3 en el informe y aclar\u00f3 que ser\u00e1 materia de investigaci\u00f3n de la jueza Mar\u00eda Hilda Gald\u00f3s del Juzgado Civil y Comercial que interviene.<\/p>\n<p>La contadora tuvo en cuenta que, entre las principales consecuencias de este proceso que deriv\u00f3 en la quiebra, es que<strong> \u201cuna cantidad de gente que se ha quedado sin trabajo\u201d.<\/strong><\/p>\n<blockquote><p>En el informe general se determin\u00f3 un pasivo de 197 millones de pesos, monto que ser\u00e1 superior cuando finalicen los juicios laborales en marcha. \u201cEs imposible pagar con los bienes que hay\u201d consider\u00f3 la contadora.<\/p><\/blockquote>\n<p><em>\u201cTe da mucha pena ver tanta maquinaria y bienes desperdiciados. Se perdi\u00f3 la radio, el canal, el diario. Es una pena\u201d<\/em> defini\u00f3 la profesional sobre el resultado del proceso en el que intervino.<\/p>\n<h2>Insolvencia e investigaci\u00f3n de maniobras<\/h2>\n<p>\u201cEl informe es nada m\u00e1s que para determinar c\u00f3mo han sido las diferentes situaciones de qui\u00e9nes fueron comprando y vendiendo, las diferentes sociedades que est\u00e1n involucradas en estas operaciones. <strong>Llegamos a un lugar donde pr\u00e1cticamente El Popular de por s\u00ed no tiene bienes\u201d<\/strong> resumi\u00f3 Weisburd sobre su labor en el proceso de quiebra.<\/p>\n<p>Tambi\u00e9n indic\u00f3 que en la investigaci\u00f3n de estas operaciones se buscar\u00e1<strong> \u201cdeterminar la responsabilidad de las empresas que han ido transfiriendo\u201d y<\/strong> constatar el <strong>\u201cincumplimiento de la Ley de Sociedades\u201d, lo que permitir\u00eda \u201cllegar a la responsabilidad de los socios\u201d<\/strong> mediante la respuesta con sus bienes personales, para salvar la falta de bienes de El Popular en los reclamos de los demandantes.<\/p>\n<p><strong>Al proceso de quiebra se presentaron 39 acreedores.<\/strong> La s\u00edndico estim\u00f3 que se agregar\u00e1n m\u00e1s con el avance de los procesos judiciales en el fuero laboral y se\u00f1al\u00f3 que el plazo de presentaci\u00f3n estar\u00e1 abierto por dos a\u00f1os.<\/p>\n<p>Finalmente, se refiri\u00f3 a que en <a href=\"https:\/\/cdnoticias.com\/index.php\/2023\/07\/04\/decretaron-la-quiebra-de-diario-el-popular-de-olavarria\/\" target=\"_blank\" rel=\"noopener\">el decreto de quiebra se contemplaba la posibilidad de la continuidad de la empresa<\/a> a\u00fan con el concurso en marcha. Pero \u201cfue imposible porque lo que presentaron no ameritaba que pudieran seguir trabajando\u201d indic\u00f3 sobre lo sucedido entre junio y <a href=\"https:\/\/cdnoticias.com\/index.php\/2023\/09\/06\/clausuraron-la-sede-de-el-popular-medios\/\" target=\"_blank\" rel=\"noopener\">septiembre cuando se dict\u00f3 la quiebra definitiva y la clausura<\/a>.<\/p>\n","protected":false},"excerpt":{"rendered":"<p>Lo inform\u00f3 la contadora Gabriela Weisburd, s\u00edndico de la quiebra. Tras la presentaci\u00f3n del informe, resta la actuaci\u00f3n de la<\/p>\n","protected":false},"author":4,"featured_media":74482,"comment_status":"closed","ping_status":"closed","sticky":false,"template":"","format":"standard","meta":{"_jetpack_memberships_contains_paid_content":false,"footnotes":""},"categories":[5,1],"tags":[],"class_list":["post-106356","post","type-post","status-publish","format-standard","has-post-thumbnail","hentry","category-informacion-general","category-portada"],"jetpack_featured_media_url":"https:\/\/i0.wp.com\/cdnoticias.com\/wp-content\/uploads\/2023\/01\/el-popular-marcha-09.jpg?fit=1600%2C890&ssl=1","jetpack_sharing_enabled":true,"_links":{"self":[{"href":"https:\/\/cdnoticias.com\/index.php\/wp-json\/wp\/v2\/posts\/106356","targetHints":{"allow":["GET"]}}],"collection":[{"href":"https:\/\/cdnoticias.com\/index.php\/wp-json\/wp\/v2\/posts"}],"about":[{"href":"https:\/\/cdnoticias.com\/index.php\/wp-json\/wp\/v2\/types\/post"}],"author":[{"embeddable":true,"href":"https:\/\/cdnoticias.com\/index.php\/wp-json\/wp\/v2\/users\/4"}],"replies":[{"embeddable":true,"href":"https:\/\/cdnoticias.com\/index.php\/wp-json\/wp\/v2\/comments?post=106356"}],"version-history":[{"count":0,"href":"https:\/\/cdnoticias.com\/index.php\/wp-json\/wp\/v2\/posts\/106356\/revisions"}],"wp:featuredmedia":[{"embeddable":true,"href":"https:\/\/cdnoticias.com\/index.php\/wp-json\/wp\/v2\/media\/74482"}],"wp:attachment":[{"href":"https:\/\/cdnoticias.com\/index.php\/wp-json\/wp\/v2\/media?parent=106356"}],"wp:term":[{"taxonomy":"category","embeddable":true,"href":"https:\/\/cdnoticias.com\/index.php\/wp-json\/wp\/v2\/categories?post=106356"},{"taxonomy":"post_tag","embeddable":true,"href":"https:\/\/cdnoticias.com\/index.php\/wp-json\/wp\/v2\/tags?post=106356"}],"curies":[{"name":"wp","href":"https:\/\/api.w.org\/{rel}","templated":true}]}}