{"id":106343,"date":"2024-01-10T11:35:21","date_gmt":"2024-01-10T14:35:21","guid":{"rendered":"https:\/\/cdnoticias.com\/?p=106343"},"modified":"2024-01-10T14:01:22","modified_gmt":"2024-01-10T17:01:22","slug":"tres-motos-secuestradas","status":"publish","type":"post","link":"https:\/\/cdnoticias.com\/index.php\/2024\/01\/10\/tres-motos-secuestradas\/","title":{"rendered":"Tres motos secuestradas"},"content":{"rendered":"<p>En sendos operativos de control se hallaron rodados que ten\u00edan pedido de secuestro emitidos por dependencias judiciales del conurbano. El tercer veh\u00edculo fue hallado en un local del barrio Pueblo Nuevo.<\/p>\n<p><!--more--><\/p>\n<hr \/>\n<p><strong>Tres motos fueron secuestradas en distintos puntos de Olavarr\u00eda<\/strong>. En dos de los casos se estableci\u00f3 que presentaban pedido de secuestro, mientras que en el tercer caso se trat\u00f3 de un veh\u00edculo hallado en un local.<\/p>\n<p>Este mi\u00e9rcoles <strong>una moto Yamaha Tenere 250 cc<\/strong> fue secuestrada en un operativo de control de tr\u00e1nsito en<strong> Rufino Fal entre Piedras e Ituzaing\u00f3.<\/strong><\/p>\n<blockquote><p>Efectivos de Polic\u00eda Local y personal de Tr\u00e1nsito Municipal interceptaron el rodado que no ten\u00eda patente colocada. Se estableci\u00f3 que hab\u00eda un pedido de secuestro sobre el rodado: hab\u00eda sido emitido por la UFI N\u00ba 7 del Departamento Judicial de General Rodr\u00edguez el 11 de septiembre de 2022 por \u201crobo\u201d.<\/p><\/blockquote>\n<p><img data-recalc-dims=\"1\" loading=\"lazy\" decoding=\"async\" class=\"size-full wp-image-106346 aligncenter\" src=\"https:\/\/i0.wp.com\/cdnoticias.com\/wp-content\/uploads\/2024\/01\/moto-fal-entre-piedras-e-ituzaingo-00.jpg?resize=600%2C524&#038;ssl=1\" alt=\"\" width=\"600\" height=\"524\" srcset=\"https:\/\/i0.wp.com\/cdnoticias.com\/wp-content\/uploads\/2024\/01\/moto-fal-entre-piedras-e-ituzaingo-00.jpg?w=600&amp;ssl=1 600w, https:\/\/i0.wp.com\/cdnoticias.com\/wp-content\/uploads\/2024\/01\/moto-fal-entre-piedras-e-ituzaingo-00.jpg?resize=300%2C262&amp;ssl=1 300w\" sizes=\"auto, (max-width: 600px) 100vw, 600px\" \/><\/p>\n<p>La moto fue secuestrada y <strong>su conductor, de 24 a\u00f1os, fue imputado por \u201cencubrimiento\u201d<\/strong> con intervenci\u00f3n de la UFI N\u00ba 10 local.<\/p>\n<p>En tanto, en un operativo de interceptaci\u00f3n <strong>este martes en L\u00edbano y Piedras<\/strong> fue secuestrada una <strong>moto Motomel 110 sin patente colocada<\/strong> y<strong> conducida por un adolescente de 16 a\u00f1os<\/strong>.<\/p>\n<blockquote><p>Al verificar los datos del veh\u00edculo se estableci\u00f3 que ten\u00eda pedido de secuestro emitido desde la UFI N\u00ba 1 de La Matanza el 25 de febrero de 2010 por \u201crobo\u201d.<\/p><\/blockquote>\n<p><img data-recalc-dims=\"1\" loading=\"lazy\" decoding=\"async\" class=\"size-full wp-image-106344 aligncenter\" src=\"https:\/\/i0.wp.com\/cdnoticias.com\/wp-content\/uploads\/2024\/01\/moto-libano-y-piedras-00.jpg?resize=600%2C535&#038;ssl=1\" alt=\"\" width=\"600\" height=\"535\" srcset=\"https:\/\/i0.wp.com\/cdnoticias.com\/wp-content\/uploads\/2024\/01\/moto-libano-y-piedras-00.jpg?w=600&amp;ssl=1 600w, https:\/\/i0.wp.com\/cdnoticias.com\/wp-content\/uploads\/2024\/01\/moto-libano-y-piedras-00.jpg?resize=300%2C268&amp;ssl=1 300w\" sizes=\"auto, (max-width: 600px) 100vw, 600px\" \/><\/p>\n<p>La moto fue secuestrada y se iniciaron actuaciones por<strong> \u201cencubrimiento\u201d a cargo de la UFI N\u00ba 17 del Fuero Penal de Responsabilidad Juvenil<\/strong> contra el conductor del rodado.<\/p>\n<p>Por \u00faltimo, se inform\u00f3 que -tambi\u00e9n el martes- personal policial del Comando de Patrullas que realizaba tareas de recorrida fue convocado por el <strong>propietario de un lavadero ubicado en Ituzaing\u00f3 y Sargento Cabral.<\/strong><\/p>\n<p>El hombre inform\u00f3 que <strong>en el interior del local hab\u00eda un motoveh\u00edculo que no era de su propiedad.<\/strong><\/p>\n<p><img data-recalc-dims=\"1\" loading=\"lazy\" decoding=\"async\" class=\"aligncenter wp-image-106347 size-full\" src=\"https:\/\/i0.wp.com\/cdnoticias.com\/wp-content\/uploads\/2024\/01\/moto-ituzaingo-y-cabral-00.jpg?resize=600%2C334&#038;ssl=1\" alt=\"\" width=\"600\" height=\"334\" srcset=\"https:\/\/i0.wp.com\/cdnoticias.com\/wp-content\/uploads\/2024\/01\/moto-ituzaingo-y-cabral-00.jpg?w=600&amp;ssl=1 600w, https:\/\/i0.wp.com\/cdnoticias.com\/wp-content\/uploads\/2024\/01\/moto-ituzaingo-y-cabral-00.jpg?resize=300%2C167&amp;ssl=1 300w\" sizes=\"auto, (max-width: 600px) 100vw, 600px\" \/><\/p>\n<p>Verificados los datos del rodado, una <strong>moto Gilera 150 cc, se estableci\u00f3 que no posee impedimento para circular<\/strong>, aunque se constat\u00f3 que <strong>el n\u00famero de chasis se encontraba suprimido.<\/strong><\/p>\n<p>En ese sentido se iniciaron actuaciones por <strong>\u201challazgo e infracci\u00f3n al art\u00edculo 289 inciso 3\u00ba del C\u00f3digo Penal\u201d<\/strong> con intervenci\u00f3n de la UFI N\u00ba 10 tras el secuestro de la moto.<\/p>\n","protected":false},"excerpt":{"rendered":"<p>En sendos operativos de control se hallaron rodados que ten\u00edan pedido de secuestro emitidos por dependencias judiciales del conurbano. El<\/p>\n","protected":false},"author":4,"featured_media":106345,"comment_status":"closed","ping_status":"closed","sticky":false,"template":"","format":"standard","meta":{"_jetpack_memberships_contains_paid_content":false,"footnotes":""},"categories":[14],"tags":[],"class_list":["post-106343","post","type-post","status-publish","format-standard","has-post-thumbnail","hentry","category-policiales"],"jetpack_featured_media_url":"https:\/\/i0.wp.com\/cdnoticias.com\/wp-content\/uploads\/2024\/01\/motos-secuestradas-00.jpg?fit=800%2C445&ssl=1","jetpack_sharing_enabled":true,"_links":{"self":[{"href":"https:\/\/cdnoticias.com\/index.php\/wp-json\/wp\/v2\/posts\/106343","targetHints":{"allow":["GET"]}}],"collection":[{"href":"https:\/\/cdnoticias.com\/index.php\/wp-json\/wp\/v2\/posts"}],"about":[{"href":"https:\/\/cdnoticias.com\/index.php\/wp-json\/wp\/v2\/types\/post"}],"author":[{"embeddable":true,"href":"https:\/\/cdnoticias.com\/index.php\/wp-json\/wp\/v2\/users\/4"}],"replies":[{"embeddable":true,"href":"https:\/\/cdnoticias.com\/index.php\/wp-json\/wp\/v2\/comments?post=106343"}],"version-history":[{"count":0,"href":"https:\/\/cdnoticias.com\/index.php\/wp-json\/wp\/v2\/posts\/106343\/revisions"}],"wp:featuredmedia":[{"embeddable":true,"href":"https:\/\/cdnoticias.com\/index.php\/wp-json\/wp\/v2\/media\/106345"}],"wp:attachment":[{"href":"https:\/\/cdnoticias.com\/index.php\/wp-json\/wp\/v2\/media?parent=106343"}],"wp:term":[{"taxonomy":"category","embeddable":true,"href":"https:\/\/cdnoticias.com\/index.php\/wp-json\/wp\/v2\/categories?post=106343"},{"taxonomy":"post_tag","embeddable":true,"href":"https:\/\/cdnoticias.com\/index.php\/wp-json\/wp\/v2\/tags?post=106343"}],"curies":[{"name":"wp","href":"https:\/\/api.w.org\/{rel}","templated":true}]}}