{"id":106329,"date":"2024-01-10T11:01:45","date_gmt":"2024-01-10T14:01:45","guid":{"rendered":"https:\/\/cdnoticias.com\/?p=106329"},"modified":"2024-01-10T11:01:46","modified_gmt":"2024-01-10T14:01:46","slug":"en-2023-pba-aporto-el-38-de-la-recaudacion-y-recibio-el-22-de-la-coparticipacion","status":"publish","type":"post","link":"https:\/\/cdnoticias.com\/index.php\/2024\/01\/10\/en-2023-pba-aporto-el-38-de-la-recaudacion-y-recibio-el-22-de-la-coparticipacion\/","title":{"rendered":"En 2023, PBA aport\u00f3 el 38% de la recaudaci\u00f3n y recibi\u00f3 el 22% de la coparticipaci\u00f3n"},"content":{"rendered":"\n<p>El Ministro de Econom\u00eda bonaerense, Pablo L\u00f3pez dijo que esa asimetr\u00eda &#8220;evidencia la problem\u00e1tica estructural de la Provincia&#8221;. Rechaz\u00f3 que para compensar haya habido favoritismo en la transferencia de recursos no autom\u00e1ticos.<\/p>\n\n\n\n<hr class=\"wp-block-separator aligncenter has-alpha-channel-opacity is-style-wide\"\/>\n\n\n\n<p><strong>La provincia de Buenos Aires aport\u00f3 el 38% de la recaudaci\u00f3n de impuesto nacional el a\u00f1o pasado, pero recibi\u00f3 a cambio solo el 22% de la coparticipaci\u00f3n<\/strong>, lo que reactiv\u00f3 el reclamo para corregir ese d\u00e9ficit <em>\u201cque explica el d\u00e9ficit estructural\u201d <\/em>bonaerense, seg\u00fan el ministro de Econom\u00eda, Pablo L\u00f3pez.<\/p>\n\n\n\n<p>En 2023, la recaudaci\u00f3n nacional super\u00f3 los $46 billones. <strong>De ese total, la Provincia contribuy\u00f3 el 38% ($17,7 billones)<\/strong>. Sin embargo, en la reasignaci\u00f3n de recursos, la participaci\u00f3n bonaerense cay\u00f3 al 7% del total y 22,5% si se consideras \u00fanicamente la porci\u00f3n de las provincias ($3,2 billones).<\/p>\n\n\n\n<figure class=\"wp-block-embed is-type-rich is-provider-twitter wp-block-embed-twitter\"><div class=\"wp-block-embed__wrapper\">\n<blockquote class=\"twitter-tweet\" data-width=\"550\" data-dnt=\"true\"><p lang=\"es\" dir=\"ltr\">En 2023, la recaudaci\u00f3n nacional super\u00f3 los $46 billones. De ese total, la Provincia contribuy\u00f3 el 38% ($17,7 b)<br><br>Sin embargo, en la reasignaci\u00f3n de recursos, la participaci\u00f3n bonaerense cae al 7% del total y 22,5% si consideramos \u00fanicamente la porci\u00f3n de las provincias ($3,2 b) <a href=\"https:\/\/t.co\/3klLceWrQM\">pic.twitter.com\/3klLceWrQM<\/a><\/p>&mdash; Pablo J. L\u00f3pez (@PabloJ_LopezOK) <a href=\"https:\/\/twitter.com\/PabloJ_LopezOK\/status\/1744358866651861120?ref_src=twsrc%5Etfw\">January 8, 2024<\/a><\/blockquote><script async src=\"https:\/\/platform.twitter.com\/widgets.js\" charset=\"utf-8\"><\/script>\n<\/div><\/figure>\n\n\n\n<p>Seg\u00fan los datos que difundi\u00f3 L\u00f3pez, las exportaciones bonaerenses son el 35% del total nacional, la actividad agropecuaria el 37%, la industria el 50% y el producto generado el 36%. Fue para demostrar que el aporte de la provincia a la recaudaci\u00f3n nacional \u201cest\u00e1 en l\u00ednea con su peso productivo y demogr\u00e1fico\u201d.<\/p>\n\n\n\n<figure class=\"wp-block-image aligncenter size-full\"><img data-recalc-dims=\"1\" loading=\"lazy\" decoding=\"async\" width=\"800\" height=\"445\" src=\"https:\/\/i0.wp.com\/cdnoticias.com\/wp-content\/uploads\/2024\/01\/coparticipacion-pba1.jpg?resize=800%2C445&#038;ssl=1\" alt=\"\" class=\"wp-image-106336\" srcset=\"https:\/\/i0.wp.com\/cdnoticias.com\/wp-content\/uploads\/2024\/01\/coparticipacion-pba1.jpg?w=800&amp;ssl=1 800w, https:\/\/i0.wp.com\/cdnoticias.com\/wp-content\/uploads\/2024\/01\/coparticipacion-pba1.jpg?resize=300%2C167&amp;ssl=1 300w, https:\/\/i0.wp.com\/cdnoticias.com\/wp-content\/uploads\/2024\/01\/coparticipacion-pba1.jpg?resize=768%2C427&amp;ssl=1 768w\" sizes=\"auto, (max-width: 800px) 100vw, 800px\" \/><\/figure>\n\n\n\n<blockquote class=\"wp-block-quote is-layout-flow wp-block-quote-is-layout-flow\">\n<p>En ese marco, el Ministro destac\u00f3 que la incidencia de la Provincia \u201ces ampliamente desproporcional\u201d si se miran los recursos que recibe v\u00eda coparticipaci\u00f3n, que apenas llega al 22%. \u201cEsta situaci\u00f3n desbalanceada configura un escenario parad\u00f3jico: la Provincia es la que m\u00e1s riqueza genera, pero tiene alta vulnerabilidad social en t\u00e9rminos absolutos y relativos\u201d explic\u00f3.<\/p>\n<\/blockquote>\n\n\n\n<p>L\u00f3pez <strong>carg\u00f3 en ese marco contra \u201csectores de la oposici\u00f3n\u201d que hablan de favoritismo en la transferencia a Buenos Aires de los recursos no autom\u00e1ticos de la Naci\u00f3n el a\u00f1o pasado<\/strong>. Y lo ilustr\u00f3 con una nota del diario La Naci\u00f3n que se titula \u201c<strong>Axel Kicillof<\/strong> recibi\u00f3 casi la mitad de la coparticipaci\u00f3n discrecional en 2023\u201d, a\u00f1o en el que gobern\u00f3 <strong>Alberto Fern\u00e1ndez<\/strong> y que termin\u00f3 con <strong>Sergio Massa <\/strong>como ministro de Econom\u00eda.<\/p>\n\n\n\n<figure class=\"wp-block-image size-full is-resized\"><img data-recalc-dims=\"1\" loading=\"lazy\" decoding=\"async\" width=\"724\" height=\"402\" src=\"https:\/\/i0.wp.com\/cdnoticias.com\/wp-content\/uploads\/2024\/01\/coparticipacion-pba-2.jpeg.jpg?resize=724%2C402&#038;ssl=1\" alt=\"\" class=\"wp-image-106337\" style=\"width:891px;height:auto\" srcset=\"https:\/\/i0.wp.com\/cdnoticias.com\/wp-content\/uploads\/2024\/01\/coparticipacion-pba-2.jpeg.jpg?w=724&amp;ssl=1 724w, https:\/\/i0.wp.com\/cdnoticias.com\/wp-content\/uploads\/2024\/01\/coparticipacion-pba-2.jpeg.jpg?resize=300%2C167&amp;ssl=1 300w\" sizes=\"auto, (max-width: 724px) 100vw, 724px\" \/><\/figure>\n\n\n\n<p>Rechaz\u00f3 ese enfoque y declar\u00f3 que \u201c<em>la participaci\u00f3n de PBA en las transferencias nacionales no es 45% sino poco m\u00e1s de 40%, acorde a su incidencia; y si consideramos los recursos totales por habitante, <strong>incluida la coparticipaci\u00f3n, la PBA est\u00e1 \u00faltima en la tabla<\/strong><\/em>\u201d.<\/p>\n\n\n\n<p><\/p>\n\n\n\n<p>Fuente:<em> Agencia DIB<\/em><\/p>\n","protected":false},"excerpt":{"rendered":"<p>El Ministro de Econom\u00eda bonaerense, Pablo L\u00f3pez dijo que esa asimetr\u00eda &#8220;evidencia la problem\u00e1tica estructural de la Provincia&#8221;. Rechaz\u00f3 que<\/p>\n","protected":false},"author":2,"featured_media":106335,"comment_status":"closed","ping_status":"closed","sticky":false,"template":"","format":"standard","meta":{"_jetpack_memberships_contains_paid_content":false,"footnotes":""},"categories":[6,1],"tags":[],"class_list":["post-106329","post","type-post","status-publish","format-standard","has-post-thumbnail","hentry","category-nacionales","category-portada"],"jetpack_featured_media_url":"https:\/\/i0.wp.com\/cdnoticias.com\/wp-content\/uploads\/2024\/01\/Lopez-min-economia-pba.jpg?fit=1500%2C870&ssl=1","jetpack_sharing_enabled":true,"_links":{"self":[{"href":"https:\/\/cdnoticias.com\/index.php\/wp-json\/wp\/v2\/posts\/106329","targetHints":{"allow":["GET"]}}],"collection":[{"href":"https:\/\/cdnoticias.com\/index.php\/wp-json\/wp\/v2\/posts"}],"about":[{"href":"https:\/\/cdnoticias.com\/index.php\/wp-json\/wp\/v2\/types\/post"}],"author":[{"embeddable":true,"href":"https:\/\/cdnoticias.com\/index.php\/wp-json\/wp\/v2\/users\/2"}],"replies":[{"embeddable":true,"href":"https:\/\/cdnoticias.com\/index.php\/wp-json\/wp\/v2\/comments?post=106329"}],"version-history":[{"count":0,"href":"https:\/\/cdnoticias.com\/index.php\/wp-json\/wp\/v2\/posts\/106329\/revisions"}],"wp:featuredmedia":[{"embeddable":true,"href":"https:\/\/cdnoticias.com\/index.php\/wp-json\/wp\/v2\/media\/106335"}],"wp:attachment":[{"href":"https:\/\/cdnoticias.com\/index.php\/wp-json\/wp\/v2\/media?parent=106329"}],"wp:term":[{"taxonomy":"category","embeddable":true,"href":"https:\/\/cdnoticias.com\/index.php\/wp-json\/wp\/v2\/categories?post=106329"},{"taxonomy":"post_tag","embeddable":true,"href":"https:\/\/cdnoticias.com\/index.php\/wp-json\/wp\/v2\/tags?post=106329"}],"curies":[{"name":"wp","href":"https:\/\/api.w.org\/{rel}","templated":true}]}}