{"id":106297,"date":"2024-01-09T19:00:04","date_gmt":"2024-01-09T22:00:04","guid":{"rendered":"https:\/\/cdnoticias.com\/?p=106297"},"modified":"2024-01-09T19:00:06","modified_gmt":"2024-01-09T22:00:06","slug":"las-tarifas-de-los-micros-de-larga-distancia-podrian-aumentar-un-45-en-la-provincia","status":"publish","type":"post","link":"https:\/\/cdnoticias.com\/index.php\/2024\/01\/09\/las-tarifas-de-los-micros-de-larga-distancia-podrian-aumentar-un-45-en-la-provincia\/","title":{"rendered":"Las tarifas de los micros de larga distancia podr\u00edan aumentar un 45% en la provincia"},"content":{"rendered":"\n<p>As\u00ed lo propuso el Ministerio de Transporte bonaerense. Hay abierta una Consulta Ciudadana para dejar opiniones.<\/p>\n\n\n\n<hr class=\"wp-block-separator aligncenter has-alpha-channel-opacity\"\/>\n\n\n\n<p>El <strong>Ministerio de Transporte bonaerense<\/strong> <strong>abri\u00f3 una Consulta Ciudadana<\/strong> y <strong>propuso un incremento del boleto transporte p\u00fablico de larga distancia de un 45%<\/strong> en la provincia de Buenos Aires, con el objetivo de garantizar la \u201cregularidad de los servicios\u201d.<\/p>\n\n\n\n<p><\/p>\n\n\n\n<p>La cartera que dirige <strong>Jorge D\u2019Onofrio <\/strong>inform\u00f3 este martes sobre un \u201cproyecto de actualizaci\u00f3n tarifaria para los servicios de transporte p\u00fablico de pasajeros de car\u00e1cter interurbano y\/o rurales (larga distancia), no comprendidos dentro de la regi\u00f3n determinada por el art\u00edculo 3\u00b0 del Decreto Provincial N\u00b0 1.813\/18 \u2013 \u00c1rea Metropolitana de Buenos Aires (AMBA), en miras de garantizar la continuidad y regularidad de los servicios provinciales\u201d.<\/p>\n\n\n\n<p><\/p>\n\n\n\n<p>Transporte tiene como competencia establecer los par\u00e1metros operativos en aspectos vinculados al estudio de costos, determinaci\u00f3n de tarifas y dem\u00e1s cuestiones t\u00e9cnicas del servicio de transporte p\u00fablico de pasajeros por automotor en la provincia.<\/p>\n\n\n\n<p><\/p>\n\n\n\n<p>En el marco de la propuesta, el Ministerio de Transporte abri\u00f3 una Consulta Ciudadana (abierta hasta ma\u00f1ana a la medianoche) de la que pueden participar los usuarios a trav\u00e9s del correo electr\u00f3nico <a href=\"mailto:consultaciudadana@transporte.gba.gob.ar\">consultaciudadana@transporte.gba.gob.ar<\/a>.<\/p>\n\n\n\n<p><\/p>\n\n\n\n<p><em>\u201cBuscamos que todas las personas usuarias del sistema de transporte p\u00fablico de pasajeros de jurisdicci\u00f3n provincial puedan participar expresando sus opiniones y consultas sobre la medida puesta a consideraci\u00f3n\u201d<\/em>, se\u00f1alaron desde el organismo.<\/p>\n\n\n\n<p><em>Fuente: DIB<\/em><\/p>\n","protected":false},"excerpt":{"rendered":"<p>As\u00ed lo propuso el Ministerio de Transporte bonaerense. Hay abierta una Consulta Ciudadana para dejar opiniones. El Ministerio de Transporte<\/p>\n","protected":false},"author":6,"featured_media":100669,"comment_status":"closed","ping_status":"closed","sticky":false,"template":"","format":"standard","meta":{"_jetpack_memberships_contains_paid_content":false,"footnotes":""},"categories":[6,1],"tags":[],"class_list":["post-106297","post","type-post","status-publish","format-standard","has-post-thumbnail","hentry","category-nacionales","category-portada"],"jetpack_featured_media_url":"https:\/\/i0.wp.com\/cdnoticias.com\/wp-content\/uploads\/2023\/10\/terminal-colectivos-01.jpg?fit=1000%2C557&ssl=1","jetpack_sharing_enabled":true,"_links":{"self":[{"href":"https:\/\/cdnoticias.com\/index.php\/wp-json\/wp\/v2\/posts\/106297","targetHints":{"allow":["GET"]}}],"collection":[{"href":"https:\/\/cdnoticias.com\/index.php\/wp-json\/wp\/v2\/posts"}],"about":[{"href":"https:\/\/cdnoticias.com\/index.php\/wp-json\/wp\/v2\/types\/post"}],"author":[{"embeddable":true,"href":"https:\/\/cdnoticias.com\/index.php\/wp-json\/wp\/v2\/users\/6"}],"replies":[{"embeddable":true,"href":"https:\/\/cdnoticias.com\/index.php\/wp-json\/wp\/v2\/comments?post=106297"}],"version-history":[{"count":0,"href":"https:\/\/cdnoticias.com\/index.php\/wp-json\/wp\/v2\/posts\/106297\/revisions"}],"wp:featuredmedia":[{"embeddable":true,"href":"https:\/\/cdnoticias.com\/index.php\/wp-json\/wp\/v2\/media\/100669"}],"wp:attachment":[{"href":"https:\/\/cdnoticias.com\/index.php\/wp-json\/wp\/v2\/media?parent=106297"}],"wp:term":[{"taxonomy":"category","embeddable":true,"href":"https:\/\/cdnoticias.com\/index.php\/wp-json\/wp\/v2\/categories?post=106297"},{"taxonomy":"post_tag","embeddable":true,"href":"https:\/\/cdnoticias.com\/index.php\/wp-json\/wp\/v2\/tags?post=106297"}],"curies":[{"name":"wp","href":"https:\/\/api.w.org\/{rel}","templated":true}]}}