{"id":106286,"date":"2024-01-09T17:30:14","date_gmt":"2024-01-09T20:30:14","guid":{"rendered":"https:\/\/cdnoticias.com\/?p=106286"},"modified":"2024-01-09T17:32:22","modified_gmt":"2024-01-09T20:32:22","slug":"108-aniversario-de-dante-emiliozzi-presentacion-del-auto-de-promocional-850-de-marcelo-jurio","status":"publish","type":"post","link":"https:\/\/cdnoticias.com\/index.php\/2024\/01\/09\/108-aniversario-de-dante-emiliozzi-presentacion-del-auto-de-promocional-850-de-marcelo-jurio\/","title":{"rendered":"Por el 108 aniversario de Dante Emiliozzi, presentar\u00e1n el auto de Promocional 850 de Marcelo Jurio"},"content":{"rendered":"\n<p>Ser\u00e1 este mi\u00e9rcoles 10 de enero a las 19 horas en el Museo Municipal \u201cHermanos Emiliozzi.<\/p>\n\n\n\n<hr class=\"wp-block-separator aligncenter has-alpha-channel-opacity\"\/>\n\n\n\n<p>El <strong>olavarriense Marcelo Jurio debut\u00f3 como piloto de la Promocional 850 en el a\u00f1o 198<\/strong>0. Corri\u00f3, durante 8 a\u00f1os y su rico historial habla de 112 carreras corridas y 18 ganadas.<\/p>\n\n\n\n<p><\/p>\n\n\n\n<p>Fue<strong> campe\u00f3n en los a\u00f1os 1987 y 1988<\/strong> y el auto, fue motorizado por los mec\u00e1nicos olavarrienses Capellini y Ragonese, pilares fundamentales para la obtenci\u00f3n de los triunfos y campeonatos de Marcelo Jurio.<\/p>\n\n\n\n<p><\/p>\n\n\n\n<p>El recuerdo m\u00e1s importante de Marcelo en su campa\u00f1a deportiva fue <strong><em>\u201ccorrer con mi hermana Patricia Jurio y la lucha con Mateo Amanzi (Gordini) por el primer campeonato que obtuve en 1987\u201d.<\/em><\/strong><\/p>\n\n\n\n<p><\/p>\n\n\n\n<p>En el marco de cumplirse el <strong>108 aniversario del nacimiento de Dante Emiliozzi,<\/strong> se presentar\u00e1 este <strong>mi\u00e9rcoles 10 de enero, a las 19 horas<\/strong>, en el <strong>Museo Municipal \u201cHermanos Emiliozzi<\/strong>\u201d, el<strong> Fiat 600 original,<\/strong> con el que Marcelo Jurio se consagr\u00f3 campe\u00f3n en los a\u00f1os 1987 y 1988 en la Promocional 850.<\/p>\n\n\n\n<p><\/p>\n\n\n\n<p>Se invita a la comunidad a acompa\u00f1ar esta presentaci\u00f3n y la puesta en marcha del auto emblem\u00e1tico de los zonales del centro de la provincia de Buenos Aires en la d\u00e9cada del 80.<\/p>\n","protected":false},"excerpt":{"rendered":"<p>Ser\u00e1 este mi\u00e9rcoles 10 de enero a las 19 horas en el Museo Municipal \u201cHermanos Emiliozzi. El olavarriense Marcelo Jurio<\/p>\n","protected":false},"author":6,"featured_media":106287,"comment_status":"closed","ping_status":"closed","sticky":false,"template":"","format":"standard","meta":{"_jetpack_memberships_contains_paid_content":false,"footnotes":""},"categories":[5,1],"tags":[],"class_list":["post-106286","post","type-post","status-publish","format-standard","has-post-thumbnail","hentry","category-informacion-general","category-portada"],"jetpack_featured_media_url":"https:\/\/i0.wp.com\/cdnoticias.com\/wp-content\/uploads\/2024\/01\/emiliozzi-2-1024x653-1.jpg?fit=1000%2C637&ssl=1","jetpack_sharing_enabled":true,"_links":{"self":[{"href":"https:\/\/cdnoticias.com\/index.php\/wp-json\/wp\/v2\/posts\/106286","targetHints":{"allow":["GET"]}}],"collection":[{"href":"https:\/\/cdnoticias.com\/index.php\/wp-json\/wp\/v2\/posts"}],"about":[{"href":"https:\/\/cdnoticias.com\/index.php\/wp-json\/wp\/v2\/types\/post"}],"author":[{"embeddable":true,"href":"https:\/\/cdnoticias.com\/index.php\/wp-json\/wp\/v2\/users\/6"}],"replies":[{"embeddable":true,"href":"https:\/\/cdnoticias.com\/index.php\/wp-json\/wp\/v2\/comments?post=106286"}],"version-history":[{"count":0,"href":"https:\/\/cdnoticias.com\/index.php\/wp-json\/wp\/v2\/posts\/106286\/revisions"}],"wp:featuredmedia":[{"embeddable":true,"href":"https:\/\/cdnoticias.com\/index.php\/wp-json\/wp\/v2\/media\/106287"}],"wp:attachment":[{"href":"https:\/\/cdnoticias.com\/index.php\/wp-json\/wp\/v2\/media?parent=106286"}],"wp:term":[{"taxonomy":"category","embeddable":true,"href":"https:\/\/cdnoticias.com\/index.php\/wp-json\/wp\/v2\/categories?post=106286"},{"taxonomy":"post_tag","embeddable":true,"href":"https:\/\/cdnoticias.com\/index.php\/wp-json\/wp\/v2\/tags?post=106286"}],"curies":[{"name":"wp","href":"https:\/\/api.w.org\/{rel}","templated":true}]}}