{"id":106279,"date":"2024-01-09T13:53:20","date_gmt":"2024-01-09T16:53:20","guid":{"rendered":"https:\/\/cdnoticias.com\/?p=106279"},"modified":"2024-01-09T13:53:22","modified_gmt":"2024-01-09T16:53:22","slug":"habra-fuertes-aumentos-en-las-tarifas-de-gas-y-cambios-en-la-forma-de-segmentacion","status":"publish","type":"post","link":"https:\/\/cdnoticias.com\/index.php\/2024\/01\/09\/habra-fuertes-aumentos-en-las-tarifas-de-gas-y-cambios-en-la-forma-de-segmentacion\/","title":{"rendered":"Habr\u00e1 fuertes aumentos en las tarifas de gas y cambios en la forma de segmentaci\u00f3n"},"content":{"rendered":"<p>Se esperan fuertes incrementos en las facturas durante los pr\u00f3ximos meses. En el caso del gas habr\u00e1 un traslado del costo de producci\u00f3n en tercios.<\/p>\n<p><!--more--><\/p>\n<hr \/>\n<p><a href=\"https:\/\/cdnoticias.com\/index.php\/2024\/01\/08\/canasta-basica-energetica-nuevos-criterios-para-los-cuadros-tarifarios-del-gas\/\" target=\"_blank\" rel=\"noopener\">Tal como se adelant\u00f3<\/a> <strong>el secretario de Energ\u00eda, Eduardo Rodr\u00edguez Chirillo,<\/strong> anunci\u00f3 que el Gobierno buscar\u00e1 <strong>reducir fuertemente los subsidios en las tarifas de gas<\/strong> en los pr\u00f3ximos tres meses y que habr\u00e1<strong> cambios en la forma de segmentaci\u00f3n<\/strong> a partir de abril pr\u00f3ximo.<\/p>\n<p>En la <a href=\"https:\/\/cdnoticias.com\/index.php\/2024\/01\/09\/la-provincia-se-opone-al-incremento-abusivo-en-la-tarifa-de-gas\/\" target=\"_blank\" rel=\"noopener\">primera audiencia p\u00fablica<\/a> para determinar las nuevas tarifas del gas, <strong>el funcionario indic\u00f3 que se proceder\u00e1 a una \u201cnueva conceptualizaci\u00f3n\u201d de los subsidios, con un \u201ctraslado gradual\u201d del precio del PIST (Punto de Ingreso al Sistema de Transporte)<\/strong> para la \u201creadecuaci\u00f3n progresiva\u201d de esas transferencias estatales.<\/p>\n<blockquote><p>Aunque dif\u00edcil de determinar de cu\u00e1nto ser\u00e1n los aumentos a partir de ahora, Chirillo aclar\u00f3 que se quitar\u00e1 un 33% del subsidio en febrero, marzo y abril hasta llegar a pagar el costo total. Es decir, los usuarios pasar\u00e1n de pagar US$0,7 el mill\u00f3n de BTU a US$4 en tres meses, unas cinco veces m\u00e1s el valor que se paga ahora. \u201cLa segmentaci\u00f3n actual se mantiene hasta el 1\u00b0 de abril de 2024, el nuevo esquema de subsidios entrar\u00e1 en aplicaci\u00f3n a partir de dicha fecha, previa audiencia p\u00fablica que se realizar\u00e1 al efecto\u201d, indic\u00f3.<\/p><\/blockquote>\n<p>En cuanto a la segmentaci\u00f3n tarifaria, advirti\u00f3 que<strong> \u201clos usuarios (de los tres niveles) siguen recibiendo subsidios generalizados porque los precios mayoristas no cubren los costos\u201d<\/strong>, adem\u00e1s de se\u00f1alar \u201cfalta de control del padr\u00f3n de usuarios\u201d. En ese contexto, indic\u00f3, se proceder\u00e1 a una \u201cnueva conceptualizaci\u00f3n\u201d de los subsidios, con un \u201ctraslado gradual\u201d del precio del PIST para la<strong> \u201creadecuaci\u00f3n progresiva\u201d de esas transferencias estatales.<\/strong><\/p>\n<p><img data-recalc-dims=\"1\" loading=\"lazy\" decoding=\"async\" class=\"size-full wp-image-106281 aligncenter\" src=\"https:\/\/i0.wp.com\/cdnoticias.com\/wp-content\/uploads\/2024\/01\/eduardo-rodriguez-chirillo-secretario-de-energia-de-la-nacion.jpg?resize=800%2C445&#038;ssl=1\" alt=\"\" width=\"800\" height=\"445\" srcset=\"https:\/\/i0.wp.com\/cdnoticias.com\/wp-content\/uploads\/2024\/01\/eduardo-rodriguez-chirillo-secretario-de-energia-de-la-nacion.jpg?w=800&amp;ssl=1 800w, https:\/\/i0.wp.com\/cdnoticias.com\/wp-content\/uploads\/2024\/01\/eduardo-rodriguez-chirillo-secretario-de-energia-de-la-nacion.jpg?resize=300%2C167&amp;ssl=1 300w, https:\/\/i0.wp.com\/cdnoticias.com\/wp-content\/uploads\/2024\/01\/eduardo-rodriguez-chirillo-secretario-de-energia-de-la-nacion.jpg?resize=768%2C427&amp;ssl=1 768w\" sizes=\"auto, (max-width: 800px) 100vw, 800px\" \/><\/p>\n<p>Rodr\u00edguez Chirillo sostuvo que <strong>se propende a \u201cgarantizar el consumo b\u00e1sico energ\u00e9tico a todos los usuarios\u201d<\/strong> y que la actual <strong>segmentaci\u00f3n tarifaria<\/strong> se mantendr\u00e1 en el primer trimestre, tras lo cual comenzar\u00e1 a regir un<strong> \u201cnuevo esquema\u201d a partir de abril.<\/strong><\/p>\n<p>Actualmente la segmentaci\u00f3n contempla tres universos de usuarios pero determinados por la Canasta B\u00e1sica Total (CBT) del Indec: los N1 (ingresos altos) que pagan tarifa plena por tener un ingreso mayor a 3,5 CBT, N2 (ingresos bajos) con tarifa social y N3 (ingresos medios) que mantienen un subsidio de hasta 400 KWH para el caso de la electricidad y pagan pleno por el excedente.<\/p>\n<blockquote><p>La nueva canasta -a\u00fan no especificada- apuntar\u00e1 a \u201cdeterminar los ingresos del grupo conviviente\u201d y que \u201ccubra necesidades b\u00e1sicas de las personas con distintos tipos de consumo en las zonas del pa\u00eds\u201d.<\/p><\/blockquote>\n<p>Previo a la intervenci\u00f3n del secretario de Energ\u00eda hizo uso de la palabra el <strong>presidente de la audiencia e interventor del Enargas, Carlos Casares<\/strong>, quien remarc\u00f3 la importancia de dar<em> \u201cse\u00f1ales claras y precisas para un consumo eficiente y racional y un servicio de calidad que acompa\u00f1e el crecimiento de la demanda y la econom\u00eda argentina\u201d<\/em>. Y en ese contexto confirm\u00f3 la intenci\u00f3n del Gobierno de establecer un \u00edndice para actualizar mensualmente las tarifas de las empresas transportistas y distribuidoras de gas, aunque no precis\u00f3 detalles.<\/p>\n<h2>Los pedidos<\/h2>\n<p>En lo que respecta a la posici\u00f3n de las empresas,<strong> los pedidos de ajuste llegan hasta un 704% para los pr\u00f3ximos meses<\/strong>. Las tarifas para usuarios residenciales de gas se duplicar\u00edan desde el mes que viene si prosperara la solicitud de readecuaci\u00f3n de los montos que presentaron las compa\u00f1\u00edas distribuidoras y transportadoras.<\/p>\n<blockquote><p>En el caso de Camuzzi Gas Pampeana y Camuzzi Gas del Sur, a trav\u00e9s de su directivo Alejandro P\u00e9rez, solicit\u00f3 una recomposici\u00f3n tarifaria \u201cen funci\u00f3n de los atrasos\u201d que llega a 421% en Pampeana y 543% en Sur.<\/p><\/blockquote>\n<p>De este modo, <strong>el usuario de mayor consumo en Pampeana paga hoy $6.662, y con la recomposici\u00f3n pasar\u00eda a pagar $12.383<\/strong>; en el caso de Sur, hoy paga $4.164 y pasar\u00eda a abonar $7.430.<strong> \u201cLa recomposici\u00f3n implica un aumento para el 65% de los usuarios de Pampeana menor a $4.500<\/strong>, y para el 76% de los de Sur, el aumento es menor a $3.500 por mes\u201d, detall\u00f3 el ejecutivo.<\/p>\n<p>En cuanto al transporte, Transportadora de Gas del Norte (TGN) -a trav\u00e9s de Guillermo C\u00e1novas- solicit\u00f3 un ajuste de 523,5%. Seg\u00fan el directivo, el impacto de ese porcentaje en la factura de un consumidor residencial promedio de Tucum\u00e1n, que hoy paga $2.857 por mes, ser\u00e1 de $650, lo que representa un aumento de 23%.<\/p>\n<p>Fuente: <em>Agencia DIB<\/em><\/p>\n<blockquote class=\"wp-embedded-content\" data-secret=\"qyBm3BEzQe\"><p><a href=\"https:\/\/cdnoticias.com\/index.php\/2024\/01\/09\/la-provincia-se-opone-al-incremento-abusivo-en-la-tarifa-de-gas\/\">La Provincia se opone al \u201cincremento abusivo\u201d en la tarifa de gas<\/a><\/p><\/blockquote>\n<p><iframe loading=\"lazy\" class=\"wp-embedded-content\" sandbox=\"allow-scripts\" security=\"restricted\" style=\"position: absolute; clip: rect(1px, 1px, 1px, 1px);\" title=\"&#8220;La Provincia se opone al \u201cincremento abusivo\u201d en la tarifa de gas&#8221; &#8212; Central de Noticias | Olavarr\u00eda\" src=\"https:\/\/cdnoticias.com\/index.php\/2024\/01\/09\/la-provincia-se-opone-al-incremento-abusivo-en-la-tarifa-de-gas\/embed\/#?secret=0cUBZ5stKu#?secret=qyBm3BEzQe\" data-secret=\"qyBm3BEzQe\" width=\"600\" height=\"338\" frameborder=\"0\" marginwidth=\"0\" marginheight=\"0\" scrolling=\"no\"><\/iframe><\/p>\n","protected":false},"excerpt":{"rendered":"<p>Se esperan fuertes incrementos en las facturas durante los pr\u00f3ximos meses. En el caso del gas habr\u00e1 un traslado del<\/p>\n","protected":false},"author":4,"featured_media":106280,"comment_status":"closed","ping_status":"closed","sticky":false,"template":"","format":"standard","meta":{"_jetpack_memberships_contains_paid_content":false,"footnotes":""},"categories":[6,1],"tags":[],"class_list":["post-106279","post","type-post","status-publish","format-standard","has-post-thumbnail","hentry","category-nacionales","category-portada"],"jetpack_featured_media_url":"https:\/\/i0.wp.com\/cdnoticias.com\/wp-content\/uploads\/2024\/01\/DIB-hornalla-1-696x522-1.jpg?fit=696%2C522&ssl=1","jetpack_sharing_enabled":true,"_links":{"self":[{"href":"https:\/\/cdnoticias.com\/index.php\/wp-json\/wp\/v2\/posts\/106279","targetHints":{"allow":["GET"]}}],"collection":[{"href":"https:\/\/cdnoticias.com\/index.php\/wp-json\/wp\/v2\/posts"}],"about":[{"href":"https:\/\/cdnoticias.com\/index.php\/wp-json\/wp\/v2\/types\/post"}],"author":[{"embeddable":true,"href":"https:\/\/cdnoticias.com\/index.php\/wp-json\/wp\/v2\/users\/4"}],"replies":[{"embeddable":true,"href":"https:\/\/cdnoticias.com\/index.php\/wp-json\/wp\/v2\/comments?post=106279"}],"version-history":[{"count":0,"href":"https:\/\/cdnoticias.com\/index.php\/wp-json\/wp\/v2\/posts\/106279\/revisions"}],"wp:featuredmedia":[{"embeddable":true,"href":"https:\/\/cdnoticias.com\/index.php\/wp-json\/wp\/v2\/media\/106280"}],"wp:attachment":[{"href":"https:\/\/cdnoticias.com\/index.php\/wp-json\/wp\/v2\/media?parent=106279"}],"wp:term":[{"taxonomy":"category","embeddable":true,"href":"https:\/\/cdnoticias.com\/index.php\/wp-json\/wp\/v2\/categories?post=106279"},{"taxonomy":"post_tag","embeddable":true,"href":"https:\/\/cdnoticias.com\/index.php\/wp-json\/wp\/v2\/tags?post=106279"}],"curies":[{"name":"wp","href":"https:\/\/api.w.org\/{rel}","templated":true}]}}