{"id":106270,"date":"2024-01-09T12:35:01","date_gmt":"2024-01-09T15:35:01","guid":{"rendered":"https:\/\/cdnoticias.com\/?p=106270"},"modified":"2024-01-09T18:24:25","modified_gmt":"2024-01-09T21:24:25","slug":"delegado-de-tu-bus-se-reunio-con-la-jefa-de-gabinete-ante-la-preocupacion-de-nuestra-fuente-laboral","status":"publish","type":"post","link":"https:\/\/cdnoticias.com\/index.php\/2024\/01\/09\/delegado-de-tu-bus-se-reunio-con-la-jefa-de-gabinete-ante-la-preocupacion-de-nuestra-fuente-laboral\/","title":{"rendered":"Delegado de Tu Bus se reuni\u00f3 con la Jefa de Gabinete ante \u201cla preocupaci\u00f3n de nuestra fuente laboral\u201d"},"content":{"rendered":"<p>Marcelo Sequeira valor\u00f3 que recibi\u00f3 \u201cuna buena respuesta\u201d del Municipio. \u201cLa ca\u00edda del servicio, la falta de mantenimiento, la llegada tarde de los fondos compensadores\u201d entre los aspectos planteados. Posible aumento de boleto la semana pr\u00f3xima.<!--more--><\/p>\n<hr \/>\n<p><a href=\"https:\/\/cdnoticias.com\/index.php\/2024\/01\/08\/se-suspendio-el-servicio-de-transporte-publico-hasta-nuevo-aviso\/\" target=\"_blank\" rel=\"noopener\">En el marco del paro que llevan adelante los choferes del transporte p\u00fablico en Olavarr\u00eda<\/a>,<strong> trabajadores de Tu Bus se presentaron en la ma\u00f1ana de este martes en la Municipalidad<\/strong> donde fueron atendidos:<strong> la jefa de Gabinete, Mercedes Land\u00edvar, recibi\u00f3 al delegado de UTA en la empresa, Marcelo Sequeira<\/strong>, quien expuso la <strong>preocupaci\u00f3n por la continuidad de las fuentes laborales.<\/strong><\/p>\n<blockquote><p>Sequeira, quien tambi\u00e9n es chofer, habl\u00f3 con<strong> Central de Noticias<\/strong> al cierre de la reuni\u00f3n y puntualiz\u00f3 que m\u00e1s all\u00e1 de la situaci\u00f3n de demora en los pagos, hay otro aspecto que quer\u00edan exponer ante las autoridades municipales: \u201cten\u00edamos una preocupaci\u00f3n que quer\u00eda traslad\u00e1rsela al Municipio que es por nuestra fuente laboral, porque lo que transmiten desde la empresa es preocupante\u201d.<\/p><\/blockquote>\n<p>En el marco del encuentro trascendi\u00f3 que<strong> la semana que viene podr\u00eda disponerse una suba del valor del boleto de colectivo<\/strong>.<\/p>\n<p><img data-recalc-dims=\"1\" loading=\"lazy\" decoding=\"async\" class=\"size-large wp-image-106259 aligncenter\" src=\"https:\/\/i0.wp.com\/cdnoticias.com\/wp-content\/uploads\/2024\/01\/choferes-de-tu-bus-en-la-municipalidad-00.jpg?resize=800%2C445&#038;ssl=1\" alt=\"\" width=\"800\" height=\"445\" srcset=\"https:\/\/i0.wp.com\/cdnoticias.com\/wp-content\/uploads\/2024\/01\/choferes-de-tu-bus-en-la-municipalidad-00.jpg?resize=1024%2C570&amp;ssl=1 1024w, https:\/\/i0.wp.com\/cdnoticias.com\/wp-content\/uploads\/2024\/01\/choferes-de-tu-bus-en-la-municipalidad-00.jpg?resize=300%2C167&amp;ssl=1 300w, https:\/\/i0.wp.com\/cdnoticias.com\/wp-content\/uploads\/2024\/01\/choferes-de-tu-bus-en-la-municipalidad-00.jpg?resize=768%2C428&amp;ssl=1 768w, https:\/\/i0.wp.com\/cdnoticias.com\/wp-content\/uploads\/2024\/01\/choferes-de-tu-bus-en-la-municipalidad-00.jpg?resize=800%2C445&amp;ssl=1 800w, https:\/\/i0.wp.com\/cdnoticias.com\/wp-content\/uploads\/2024\/01\/choferes-de-tu-bus-en-la-municipalidad-00.jpg?w=1200&amp;ssl=1 1200w\" sizes=\"auto, (max-width: 800px) 100vw, 800px\" \/><\/p>\n<p>El delegado gremial indic\u00f3 que<strong> recibi\u00f3 \u201cuna buena respuesta de parte de Mercedes Land\u00edvar, la jefa de gabinete\u201d<\/strong> en esta reuni\u00f3n. \u201cTen\u00edamos otras cosas que ven\u00edamos con el gobierno anterior tratando, pero bueno nunca se lleg\u00f3 a un acuerdo. Se las expusimos a ella y la verdad que<strong> muy atenta, muy bien, bien predispuesta, escuchando\u201d defini\u00f3.<\/strong><\/p>\n<p>Por parte de los trabajadores, la intenci\u00f3n era<strong> \u201cempezar un di\u00e1logo con el Municipio\u201d tras el cambio de gesti\u00f3n<\/strong> y conocer a las nuevas autoridades.<\/p>\n<h2>\u201cPreocupados por lo que viene\u201d<\/h2>\n<blockquote><p>Sequeira remarc\u00f3 que se movilizaron ante \u201cla preocupaci\u00f3n de nuestra fuente laboral\u201d en la empresa Tu Bus. \u201cNo s\u00e9 la situaci\u00f3n de la otra empresa\u201d, aclar\u00f3, aunque sum\u00f3 las manifestaciones de preocupaci\u00f3n por el total de los empleados de las empresas de transporte p\u00fablico: \u201cen realidad entre las dos empresas somos cien familias las que estamos preocupadas por lo que viene\u201d.<\/p><\/blockquote>\n<p>Cabe se\u00f1alar que son unos 60 empleados que se desempe\u00f1an en Tu Bus y unos 40 en Las Sierras de Olavarr\u00eda.<\/p>\n<p><img data-recalc-dims=\"1\" loading=\"lazy\" decoding=\"async\" class=\"size-large wp-image-106260 aligncenter\" src=\"https:\/\/i0.wp.com\/cdnoticias.com\/wp-content\/uploads\/2024\/01\/choferes-de-tu-bus-en-la-municipalidad-01.jpg?resize=800%2C445&#038;ssl=1\" alt=\"\" width=\"800\" height=\"445\" srcset=\"https:\/\/i0.wp.com\/cdnoticias.com\/wp-content\/uploads\/2024\/01\/choferes-de-tu-bus-en-la-municipalidad-01.jpg?resize=1024%2C569&amp;ssl=1 1024w, https:\/\/i0.wp.com\/cdnoticias.com\/wp-content\/uploads\/2024\/01\/choferes-de-tu-bus-en-la-municipalidad-01.jpg?resize=300%2C167&amp;ssl=1 300w, https:\/\/i0.wp.com\/cdnoticias.com\/wp-content\/uploads\/2024\/01\/choferes-de-tu-bus-en-la-municipalidad-01.jpg?resize=768%2C427&amp;ssl=1 768w, https:\/\/i0.wp.com\/cdnoticias.com\/wp-content\/uploads\/2024\/01\/choferes-de-tu-bus-en-la-municipalidad-01.jpg?resize=800%2C445&amp;ssl=1 800w, https:\/\/i0.wp.com\/cdnoticias.com\/wp-content\/uploads\/2024\/01\/choferes-de-tu-bus-en-la-municipalidad-01.jpg?w=1200&amp;ssl=1 1200w\" sizes=\"auto, (max-width: 800px) 100vw, 800px\" \/><\/p>\n<blockquote><p>El delegado apunt\u00f3 como problem\u00e1tica principal a \u201cla ca\u00edda del servicio, la falta de mantenimiento, la llegada tarde de los fondos compensadores y los subsidios\u201d. Se\u00f1al\u00f3 que \u201ctiene cuatro meses de atraso el Fondo Compensador. Adem\u00e1s, los costos y el valor del boleto que est\u00e1 desfasado. Que es la otra preocupaci\u00f3n tambi\u00e9n de la empresa\u201d resumi\u00f3.<\/p><\/blockquote>\n<p>Respecto del <strong>Fondo Compensador<\/strong>, que abona la Provincia de Buenos Aires, se les indic\u00f3 que<strong> la demora en los pagos se relaciona con el cambio de autoridades, \u201cnunca est\u00e1 la firma del nuevo responsable\u201d.<\/strong><\/p>\n<p>En tanto, respecto del <strong>boleto de colectivo<\/strong>, Sequeira indic\u00f3 que<strong> Land\u00edvar le inform\u00f3 que la semana que viene podr\u00eda disponerse la suba de tarifa local.<\/strong><\/p>\n<p>Por \u00faltimo, como ya se indic\u00f3, tambi\u00e9n se les hizo saber a los choferes que<strong> este martes la empresa recibir\u00e1 el pago de subsidios<\/strong> que permitir\u00eda el abono de los sueldos adeudados y <a href=\"https:\/\/cdnoticias.com\/index.php\/2024\/01\/09\/choferes-de-tu-bus-esperan-este-martes-el-pago-de-haberes-adeudados\/\" target=\"_blank\" rel=\"noopener\">con ello se previ\u00f3 levantar la medida de fuerza en las pr\u00f3ximas horas<\/a>.<\/p>\n<blockquote class=\"wp-embedded-content\" data-secret=\"I2NDCB3KUQ\"><p><a href=\"https:\/\/cdnoticias.com\/index.php\/2024\/01\/09\/choferes-de-tu-bus-esperan-este-martes-el-pago-de-haberes-adeudados\/\">Choferes de Tu Bus esperan este martes el pago de haberes adeudados<\/a><\/p><\/blockquote>\n<p><iframe loading=\"lazy\" class=\"wp-embedded-content\" sandbox=\"allow-scripts\" security=\"restricted\" style=\"position: absolute; clip: rect(1px, 1px, 1px, 1px);\" title=\"&#8220;Choferes de Tu Bus esperan este martes el pago de haberes adeudados&#8221; &#8212; Central de Noticias | Olavarr\u00eda\" src=\"https:\/\/cdnoticias.com\/index.php\/2024\/01\/09\/choferes-de-tu-bus-esperan-este-martes-el-pago-de-haberes-adeudados\/embed\/#?secret=XjR2g58LO2#?secret=I2NDCB3KUQ\" data-secret=\"I2NDCB3KUQ\" width=\"600\" height=\"338\" frameborder=\"0\" marginwidth=\"0\" marginheight=\"0\" scrolling=\"no\"><\/iframe><\/p>\n","protected":false},"excerpt":{"rendered":"<p>Marcelo Sequeira valor\u00f3 que recibi\u00f3 \u201cuna buena respuesta\u201d del Municipio. \u201cLa ca\u00edda del servicio, la falta de mantenimiento, la llegada<\/p>\n","protected":false},"author":4,"featured_media":106261,"comment_status":"closed","ping_status":"closed","sticky":false,"template":"","format":"standard","meta":{"_jetpack_memberships_contains_paid_content":false,"footnotes":""},"categories":[5,1],"tags":[],"class_list":["post-106270","post","type-post","status-publish","format-standard","has-post-thumbnail","hentry","category-informacion-general","category-portada"],"jetpack_featured_media_url":"https:\/\/i0.wp.com\/cdnoticias.com\/wp-content\/uploads\/2024\/01\/marcelo-sequeira-tu-bus-UTA-00.jpg?fit=1200%2C667&ssl=1","jetpack_sharing_enabled":true,"_links":{"self":[{"href":"https:\/\/cdnoticias.com\/index.php\/wp-json\/wp\/v2\/posts\/106270","targetHints":{"allow":["GET"]}}],"collection":[{"href":"https:\/\/cdnoticias.com\/index.php\/wp-json\/wp\/v2\/posts"}],"about":[{"href":"https:\/\/cdnoticias.com\/index.php\/wp-json\/wp\/v2\/types\/post"}],"author":[{"embeddable":true,"href":"https:\/\/cdnoticias.com\/index.php\/wp-json\/wp\/v2\/users\/4"}],"replies":[{"embeddable":true,"href":"https:\/\/cdnoticias.com\/index.php\/wp-json\/wp\/v2\/comments?post=106270"}],"version-history":[{"count":0,"href":"https:\/\/cdnoticias.com\/index.php\/wp-json\/wp\/v2\/posts\/106270\/revisions"}],"wp:featuredmedia":[{"embeddable":true,"href":"https:\/\/cdnoticias.com\/index.php\/wp-json\/wp\/v2\/media\/106261"}],"wp:attachment":[{"href":"https:\/\/cdnoticias.com\/index.php\/wp-json\/wp\/v2\/media?parent=106270"}],"wp:term":[{"taxonomy":"category","embeddable":true,"href":"https:\/\/cdnoticias.com\/index.php\/wp-json\/wp\/v2\/categories?post=106270"},{"taxonomy":"post_tag","embeddable":true,"href":"https:\/\/cdnoticias.com\/index.php\/wp-json\/wp\/v2\/tags?post=106270"}],"curies":[{"name":"wp","href":"https:\/\/api.w.org\/{rel}","templated":true}]}}