{"id":106249,"date":"2024-01-09T09:46:52","date_gmt":"2024-01-09T12:46:52","guid":{"rendered":"https:\/\/cdnoticias.com\/?p=106249"},"modified":"2024-01-09T12:35:23","modified_gmt":"2024-01-09T15:35:23","slug":"alerta-amarilla-por-tormentas-para-este-martes-en-olavarria","status":"publish","type":"post","link":"https:\/\/cdnoticias.com\/index.php\/2024\/01\/09\/alerta-amarilla-por-tormentas-para-este-martes-en-olavarria\/","title":{"rendered":"Alerta amarilla por tormentas para este martes en Olavarr\u00eda"},"content":{"rendered":"\n<p>El Servicio Meteorol\u00f3gico Nacional inform\u00f3 que la zona ser\u00e1 afectada por tormentas, r\u00e1fagas y ocasional ca\u00edda de granizo.<\/p>\n\n\n\n<hr class=\"wp-block-separator aligncenter has-alpha-channel-opacity is-style-wide\"\/>\n\n\n\n<p><strong>El Servicio Meteorol\u00f3gico Nacional emiti\u00f3 una alerta amarilla para la tarde de este martes en Olavarr\u00eda<\/strong>. Se esperan tormentas en la zona, que tambi\u00e9n afecta a General La Madrid y Laprida.<\/p>\n\n\n\n<blockquote class=\"wp-block-quote is-layout-flow wp-block-quote-is-layout-flow\">\n<p>Seg\u00fan indic\u00f3 el SMN, el \u00e1rea ser\u00e1 perjudicada por tormentas, algunas localmente fuertes. Las mismas estar\u00e1n acompa\u00f1adas por r\u00e1fagas intensas, fuerte actividad el\u00e9ctrica, ocasional ca\u00edda de granizo y abundante ca\u00edda de agua en cortos per\u00edodos.<\/p>\n<\/blockquote>\n\n\n\n<p>Se estiman valores de precipitaci\u00f3n acumulada entre 30 y 60 mm, pudiendo ser superados en forma puntual.<\/p>\n\n\n\n<p>La alerta amarilla tambi\u00e9n rige para el \u00e1rea del noroeste de la provincia de Buenos Aires y para la costa.<\/p>\n","protected":false},"excerpt":{"rendered":"<p>El Servicio Meteorol\u00f3gico Nacional inform\u00f3 que la zona ser\u00e1 afectada por tormentas, r\u00e1fagas y ocasional ca\u00edda de granizo. El Servicio<\/p>\n","protected":false},"author":2,"featured_media":106250,"comment_status":"closed","ping_status":"closed","sticky":false,"template":"","format":"standard","meta":{"_jetpack_memberships_contains_paid_content":false,"footnotes":""},"categories":[5,1],"tags":[],"class_list":["post-106249","post","type-post","status-publish","format-standard","has-post-thumbnail","hentry","category-informacion-general","category-portada"],"jetpack_featured_media_url":"https:\/\/i0.wp.com\/cdnoticias.com\/wp-content\/uploads\/2024\/01\/alerta-9-de-enero.jpg?fit=632%2C351&ssl=1","jetpack_sharing_enabled":true,"_links":{"self":[{"href":"https:\/\/cdnoticias.com\/index.php\/wp-json\/wp\/v2\/posts\/106249","targetHints":{"allow":["GET"]}}],"collection":[{"href":"https:\/\/cdnoticias.com\/index.php\/wp-json\/wp\/v2\/posts"}],"about":[{"href":"https:\/\/cdnoticias.com\/index.php\/wp-json\/wp\/v2\/types\/post"}],"author":[{"embeddable":true,"href":"https:\/\/cdnoticias.com\/index.php\/wp-json\/wp\/v2\/users\/2"}],"replies":[{"embeddable":true,"href":"https:\/\/cdnoticias.com\/index.php\/wp-json\/wp\/v2\/comments?post=106249"}],"version-history":[{"count":0,"href":"https:\/\/cdnoticias.com\/index.php\/wp-json\/wp\/v2\/posts\/106249\/revisions"}],"wp:featuredmedia":[{"embeddable":true,"href":"https:\/\/cdnoticias.com\/index.php\/wp-json\/wp\/v2\/media\/106250"}],"wp:attachment":[{"href":"https:\/\/cdnoticias.com\/index.php\/wp-json\/wp\/v2\/media?parent=106249"}],"wp:term":[{"taxonomy":"category","embeddable":true,"href":"https:\/\/cdnoticias.com\/index.php\/wp-json\/wp\/v2\/categories?post=106249"},{"taxonomy":"post_tag","embeddable":true,"href":"https:\/\/cdnoticias.com\/index.php\/wp-json\/wp\/v2\/tags?post=106249"}],"curies":[{"name":"wp","href":"https:\/\/api.w.org\/{rel}","templated":true}]}}