{"id":10624,"date":"2021-01-04T21:10:48","date_gmt":"2021-01-05T00:10:48","guid":{"rendered":"http:\/\/www.centraldenoticias.com.ar\/?p=10624"},"modified":"2021-01-05T08:11:08","modified_gmt":"2021-01-05T11:11:08","slug":"denunciaron-el-presunto-sabotaje-de-la-vacuna-contra-el-covid-en-olavarria","status":"publish","type":"post","link":"https:\/\/cdnoticias.com\/index.php\/2021\/01\/04\/denunciaron-el-presunto-sabotaje-de-la-vacuna-contra-el-covid-en-olavarria\/","title":{"rendered":"Denunciaron el presunto sabotaje de la vacuna contra el Covid en Olavarr\u00eda"},"content":{"rendered":"<p>La presentaci\u00f3n fue realizada por las autoridades del Hospital de Oncolog\u00eda en la Fiscal\u00eda N\u00b0 10. Adem\u00e1s, este martes estar\u00e1 en la ciudad el director provincial de Hospitales, Juan Sebasti\u00e1n Riera.<!--more--><\/p>\n<hr \/>\n<p>Durante la tarde de este lunes se comunic\u00f3 la <a href=\"https:\/\/cdnoticias.com\/index.php\/2021\/01\/04\/por-la-perdida-de-la-cadena-de-frio-debieron-tirar-todas-las-vacunas-contra-el-coronavirus\/\" target=\"_blank\" rel=\"noopener\">grave p\u00e9rdida de 400 dosis de la vacuna contra el Covid-19 en el Hospital de Oncolog\u00eda.<\/a> Las primeras versiones hablaban de \u201cirregularidades\u201d y de hasta un \u201csabotaje\u201d.<\/p>\n<p>&nbsp;<\/p>\n<p>Con el correr de las horas, el propio <a href=\"https:\/\/cdnoticias.com\/index.php\/2021\/01\/04\/ramiro-borzi-se-sucedio-una-serie-de-hechos-irregulares-graves\/\" target=\"_blank\" rel=\"noopener\">director de la Regi\u00f3n Sanitaria IX Ramiro Borzi<\/a> detall\u00f3 que <em>\u201ccuando llegamos constatamos que hab\u00eda habido un desv\u00edo en la cadena de fr\u00edo. <strong>Empezamos a indagar y nos dimos que cuenta se sucedi\u00f3 una serie de hechos irregulares, graves<\/strong>\u201d.<\/em><\/p>\n<p>&nbsp;<\/p>\n<blockquote><p>Por este motivo, el Ministerio de Salud decidi\u00f3 retirarlas y reestructurar la vacunaci\u00f3n del distrito, derivando al personal de salud que deb\u00eda recibir las vacunas a los municipios vecinos.<\/p><\/blockquote>\n<p>&nbsp;<\/p>\n<p><img data-recalc-dims=\"1\" loading=\"lazy\" decoding=\"async\" class=\"alignnone size-large wp-image-10249\" src=\"https:\/\/i0.wp.com\/cdnoticias.com\/wp-content\/uploads\/2020\/12\/vacuna-covid-9.jpeg?resize=800%2C530&#038;ssl=1\" alt=\"\" width=\"800\" height=\"530\" srcset=\"https:\/\/i0.wp.com\/cdnoticias.com\/wp-content\/uploads\/2020\/12\/vacuna-covid-9.jpeg?resize=1024%2C678&amp;ssl=1 1024w, https:\/\/i0.wp.com\/cdnoticias.com\/wp-content\/uploads\/2020\/12\/vacuna-covid-9.jpeg?resize=300%2C199&amp;ssl=1 300w, https:\/\/i0.wp.com\/cdnoticias.com\/wp-content\/uploads\/2020\/12\/vacuna-covid-9.jpeg?resize=768%2C509&amp;ssl=1 768w, https:\/\/i0.wp.com\/cdnoticias.com\/wp-content\/uploads\/2020\/12\/vacuna-covid-9.jpeg?w=1232&amp;ssl=1 1232w\" sizes=\"auto, (max-width: 800px) 100vw, 800px\" \/><\/p>\n<p>&nbsp;<\/p>\n<p>Hacia el final de la jornada se confirm\u00f3 la <strong>radicaci\u00f3n de una denuncia por este hecho en la Fiscal\u00eda N\u00b0 10 a cargo de la fiscal de turno Viviana Beyt\u00eda y el fiscal general Marcelo Sobrino.<\/strong> Los doctores llevar\u00e1n adelante la investigaci\u00f3n por el presunto sabotaje de la vacuna.<\/p>\n<p>&nbsp;<\/p>\n<blockquote><p>La presentaci\u00f3n fue realizada por los directivos del Hospital de Oncolog\u00eda Silvina Rosende y Mario D\u00edaz.<\/p><\/blockquote>\n<p>&nbsp;<\/p>\n<p>Por \u00faltimo, se conoci\u00f3 que este martes, se har\u00e1 presente en nuestra ciudad el<strong> director provincial de Hospitales, Juan Sebasti\u00e1n Riera<\/strong>, quien brindar\u00e1 una conferencia de prensa.<\/p>\n","protected":false},"excerpt":{"rendered":"<p>La presentaci\u00f3n fue realizada por las autoridades del Hospital de Oncolog\u00eda en la Fiscal\u00eda N\u00b0 10. Adem\u00e1s, este martes estar\u00e1<\/p>\n","protected":false},"author":5,"featured_media":1879,"comment_status":"closed","ping_status":"closed","sticky":false,"template":"","format":"standard","meta":{"_jetpack_memberships_contains_paid_content":false,"footnotes":""},"categories":[5,1],"tags":[],"class_list":["post-10624","post","type-post","status-publish","format-standard","has-post-thumbnail","hentry","category-informacion-general","category-portada"],"jetpack_featured_media_url":"https:\/\/i0.wp.com\/cdnoticias.com\/wp-content\/uploads\/2020\/09\/WhatsApp-Image-2020-08-31-at-16.11.41-1-e1622849986110.jpeg?fit=1241%2C713&ssl=1","jetpack_sharing_enabled":true,"_links":{"self":[{"href":"https:\/\/cdnoticias.com\/index.php\/wp-json\/wp\/v2\/posts\/10624","targetHints":{"allow":["GET"]}}],"collection":[{"href":"https:\/\/cdnoticias.com\/index.php\/wp-json\/wp\/v2\/posts"}],"about":[{"href":"https:\/\/cdnoticias.com\/index.php\/wp-json\/wp\/v2\/types\/post"}],"author":[{"embeddable":true,"href":"https:\/\/cdnoticias.com\/index.php\/wp-json\/wp\/v2\/users\/5"}],"replies":[{"embeddable":true,"href":"https:\/\/cdnoticias.com\/index.php\/wp-json\/wp\/v2\/comments?post=10624"}],"version-history":[{"count":0,"href":"https:\/\/cdnoticias.com\/index.php\/wp-json\/wp\/v2\/posts\/10624\/revisions"}],"wp:featuredmedia":[{"embeddable":true,"href":"https:\/\/cdnoticias.com\/index.php\/wp-json\/wp\/v2\/media\/1879"}],"wp:attachment":[{"href":"https:\/\/cdnoticias.com\/index.php\/wp-json\/wp\/v2\/media?parent=10624"}],"wp:term":[{"taxonomy":"category","embeddable":true,"href":"https:\/\/cdnoticias.com\/index.php\/wp-json\/wp\/v2\/categories?post=10624"},{"taxonomy":"post_tag","embeddable":true,"href":"https:\/\/cdnoticias.com\/index.php\/wp-json\/wp\/v2\/tags?post=10624"}],"curies":[{"name":"wp","href":"https:\/\/api.w.org\/{rel}","templated":true}]}}