{"id":10620,"date":"2021-01-04T18:05:54","date_gmt":"2021-01-04T21:05:54","guid":{"rendered":"http:\/\/www.centraldenoticias.com.ar\/?p=10620"},"modified":"2021-01-04T20:45:49","modified_gmt":"2021-01-04T23:45:49","slug":"importante-incendio-de-pastos-en-las-cercanias-de-sierra-chica","status":"publish","type":"post","link":"https:\/\/cdnoticias.com\/index.php\/2021\/01\/04\/importante-incendio-de-pastos-en-las-cercanias-de-sierra-chica\/","title":{"rendered":"Importante incendio de pastos en las cercan\u00edas de Sierra Chica"},"content":{"rendered":"<p>Se inici\u00f3 sobre el monolito con el nombre de la localidad, pero se propag\u00f3 al predio de canteras linderas. Bomberos tambi\u00e9n trabajan en la zona del Tiro Federal.<\/p>\n<p><!--more--><\/p>\n<hr \/>\n<p>En la tarde de este de lunes <strong>un voraz incendio se desat\u00f3 por causas que se desconocen en las cercan\u00edas de Sierra Chica, m\u00e1s precisamente en el sitio donde se encuentra el monolito con el nombre de la localidad.<\/strong><\/p>\n<p>&nbsp;<\/p>\n<p>Lo concreto es que <strong>las llamas, favorecidas por las altas temperaturas, pastos secos y vientos se propagaron r\u00e1pidamente con direcci\u00f3n hacia los predios de canteras linderas, resultando afectadas varias hect\u00e1reas.<\/strong><\/p>\n<p>&nbsp;<\/p>\n<p><em><strong>Central de Noticias<\/strong><\/em> se contact\u00f3 con el Cuartel Central de Bomberos Voluntarios minutos despu\u00e9s de las 20.30, desde donde se narr\u00f3 que a<strong>\u00fan persist\u00edan las tareas para sofocar y controlar el fuego. En el lugar trabajan dos dotaciones.<\/strong><\/p>\n<p>&nbsp;<\/p>\n<p><img data-recalc-dims=\"1\" loading=\"lazy\" decoding=\"async\" class=\"alignnone size-full wp-image-10621\" src=\"https:\/\/i0.wp.com\/cdnoticias.com\/wp-content\/uploads\/2021\/01\/humo.jpg?resize=679%2C410&#038;ssl=1\" alt=\"\" width=\"679\" height=\"410\" srcset=\"https:\/\/i0.wp.com\/cdnoticias.com\/wp-content\/uploads\/2021\/01\/humo.jpg?w=679&amp;ssl=1 679w, https:\/\/i0.wp.com\/cdnoticias.com\/wp-content\/uploads\/2021\/01\/humo.jpg?resize=300%2C181&amp;ssl=1 300w\" sizes=\"auto, (max-width: 679px) 100vw, 679px\" \/><\/p>\n<p>&nbsp;<\/p>\n<p>A la par, otras dos unidades, las 5 y 9, tambi\u00e9n se encuentran trabajando de manera incansable para apagar <strong>un incendio que se origin\u00f3 en la zona del Tiro Federal, donde resultaron afectadas cubiertas y pastos naturales.<\/strong><\/p>\n<p>&nbsp;<\/p>\n<p><strong>La densa humareda que pudo verse desde varios puntos de la ciudad alarm\u00f3 y preocup\u00f3 a la comunidad local<\/strong>, al punto que en este portal se recibieron varias consultas al respecto.<\/p>\n","protected":false},"excerpt":{"rendered":"<p>Se inici\u00f3 sobre el monolito con el nombre de la localidad, pero se propag\u00f3 al predio de canteras linderas. Bomberos<\/p>\n","protected":false},"author":3,"featured_media":10622,"comment_status":"closed","ping_status":"closed","sticky":false,"template":"","format":"standard","meta":{"_jetpack_memberships_contains_paid_content":false,"footnotes":""},"categories":[14,1],"tags":[],"class_list":["post-10620","post","type-post","status-publish","format-standard","has-post-thumbnail","hentry","category-policiales","category-portada"],"jetpack_featured_media_url":"https:\/\/i0.wp.com\/cdnoticias.com\/wp-content\/uploads\/2021\/01\/incendio.jpg?fit=1092%2C635&ssl=1","jetpack_sharing_enabled":true,"_links":{"self":[{"href":"https:\/\/cdnoticias.com\/index.php\/wp-json\/wp\/v2\/posts\/10620","targetHints":{"allow":["GET"]}}],"collection":[{"href":"https:\/\/cdnoticias.com\/index.php\/wp-json\/wp\/v2\/posts"}],"about":[{"href":"https:\/\/cdnoticias.com\/index.php\/wp-json\/wp\/v2\/types\/post"}],"author":[{"embeddable":true,"href":"https:\/\/cdnoticias.com\/index.php\/wp-json\/wp\/v2\/users\/3"}],"replies":[{"embeddable":true,"href":"https:\/\/cdnoticias.com\/index.php\/wp-json\/wp\/v2\/comments?post=10620"}],"version-history":[{"count":0,"href":"https:\/\/cdnoticias.com\/index.php\/wp-json\/wp\/v2\/posts\/10620\/revisions"}],"wp:featuredmedia":[{"embeddable":true,"href":"https:\/\/cdnoticias.com\/index.php\/wp-json\/wp\/v2\/media\/10622"}],"wp:attachment":[{"href":"https:\/\/cdnoticias.com\/index.php\/wp-json\/wp\/v2\/media?parent=10620"}],"wp:term":[{"taxonomy":"category","embeddable":true,"href":"https:\/\/cdnoticias.com\/index.php\/wp-json\/wp\/v2\/categories?post=10620"},{"taxonomy":"post_tag","embeddable":true,"href":"https:\/\/cdnoticias.com\/index.php\/wp-json\/wp\/v2\/tags?post=10620"}],"curies":[{"name":"wp","href":"https:\/\/api.w.org\/{rel}","templated":true}]}}