{"id":106192,"date":"2024-01-08T17:31:01","date_gmt":"2024-01-08T20:31:01","guid":{"rendered":"https:\/\/cdnoticias.com\/?p=106192"},"modified":"2024-01-08T17:31:02","modified_gmt":"2024-01-08T20:31:02","slug":"conoce-los-nuevos-horarios-en-espacios-culturales","status":"publish","type":"post","link":"https:\/\/cdnoticias.com\/index.php\/2024\/01\/08\/conoce-los-nuevos-horarios-en-espacios-culturales\/","title":{"rendered":"Conoce los nuevos horarios en espacios culturales"},"content":{"rendered":"\n<p>Se pondr\u00e1n en vigencia a partir de este lunes. Los nuevos horarios incluyen a los espacios: Museo \u201cEmiliozzi\u201d, Museo \u201cD\u00e1maso Arce\u201d, Centro Cultural \u201cSan Jos\u00e9\u201d y Museos de los Pueblos.<\/p>\n\n\n\n<hr class=\"wp-block-separator aligncenter has-alpha-channel-opacity\"\/>\n\n\n\n<p>Desde la Subsecretar\u00eda de Cultura y Educaci\u00f3n y la Direcci\u00f3n de Patrimonio del Municipio de Olavarr\u00eda se dieron a conocer los <strong>nuevos horarios de los espacios culturales.<\/strong><\/p>\n\n\n\n<p><\/p>\n\n\n\n<p><strong>Se pondr\u00e1n en vigencia a partir de esta semana<\/strong>. A continuaci\u00f3n, se detallan c\u00f3mo funcionar\u00e1 el Museo \u201cEmiliozzi\u201d, Museo \u201cD\u00e1maso Arce\u201d, Centro Cultural \u201cSan Jos\u00e9\u201d y Museos de los Pueblos.<\/p>\n\n\n\n<p><\/p>\n\n\n\n<p><strong>Museo Municipal \u201cHermanos Emiliozzi\u201d<\/strong><\/p>\n\n\n\n<ul class=\"wp-block-list\">\n<li>Mi\u00e9rcoles a viernes de 10 a 13 y de 18 a 21 horas.<\/li>\n<\/ul>\n\n\n\n<ul class=\"wp-block-list\">\n<li>S\u00e1bados y domingos de 18 a 21 horas.<\/li>\n<\/ul>\n\n\n\n<p><strong>Museo Municipal \u201cD\u00e1maso Arce\u201d<\/strong><\/p>\n\n\n\n<ul class=\"wp-block-list\">\n<li>Mi\u00e9rcoles a viernes de 9 a 12 y de 18 a 21 horas.<\/li>\n<\/ul>\n\n\n\n<ul class=\"wp-block-list\">\n<li>S\u00e1bados y domingos 19 a 22 horas.<\/li>\n<\/ul>\n\n\n\n<p><strong>Centro Cultural \u201cSan Jos\u00e9\u201d<\/strong><\/p>\n\n\n\n<ul class=\"wp-block-list\">\n<li>Lunes a viernes 9 a 12 horas.<\/li>\n<\/ul>\n\n\n\n<ul class=\"wp-block-list\">\n<li>Lunes a jueves de 18 a 21 horas.<\/li>\n<\/ul>\n\n\n\n<ul class=\"wp-block-list\">\n<li>Viernes, s\u00e1bados y domingos de 19 a 22 horas<\/li>\n<\/ul>\n\n\n\n<p><strong>Museos Municipales de los Pueblos<\/strong><\/p>\n\n\n\n<ul class=\"wp-block-list\">\n<li>Mi\u00e9rcoles a viernes 9 a 12 y de 17.30 a 20 horas.<\/li>\n<\/ul>\n\n\n\n<ul class=\"wp-block-list\">\n<li>S\u00e1bados y domingos de 18 a 20 horas.<\/li>\n<\/ul>\n","protected":false},"excerpt":{"rendered":"<p>Se pondr\u00e1n en vigencia a partir de este lunes. Los nuevos horarios incluyen a los espacios: Museo \u201cEmiliozzi\u201d, Museo \u201cD\u00e1maso<\/p>\n","protected":false},"author":6,"featured_media":56706,"comment_status":"closed","ping_status":"closed","sticky":false,"template":"","format":"standard","meta":{"_jetpack_memberships_contains_paid_content":false,"footnotes":""},"categories":[9,1],"tags":[],"class_list":["post-106192","post","type-post","status-publish","format-standard","has-post-thumbnail","hentry","category-cultura","category-portada"],"jetpack_featured_media_url":"https:\/\/i0.wp.com\/cdnoticias.com\/wp-content\/uploads\/2022\/06\/Fachada-Centro-Cultural-1024x682-1.jpg?fit=1024%2C682&ssl=1","jetpack_sharing_enabled":true,"_links":{"self":[{"href":"https:\/\/cdnoticias.com\/index.php\/wp-json\/wp\/v2\/posts\/106192","targetHints":{"allow":["GET"]}}],"collection":[{"href":"https:\/\/cdnoticias.com\/index.php\/wp-json\/wp\/v2\/posts"}],"about":[{"href":"https:\/\/cdnoticias.com\/index.php\/wp-json\/wp\/v2\/types\/post"}],"author":[{"embeddable":true,"href":"https:\/\/cdnoticias.com\/index.php\/wp-json\/wp\/v2\/users\/6"}],"replies":[{"embeddable":true,"href":"https:\/\/cdnoticias.com\/index.php\/wp-json\/wp\/v2\/comments?post=106192"}],"version-history":[{"count":0,"href":"https:\/\/cdnoticias.com\/index.php\/wp-json\/wp\/v2\/posts\/106192\/revisions"}],"wp:featuredmedia":[{"embeddable":true,"href":"https:\/\/cdnoticias.com\/index.php\/wp-json\/wp\/v2\/media\/56706"}],"wp:attachment":[{"href":"https:\/\/cdnoticias.com\/index.php\/wp-json\/wp\/v2\/media?parent=106192"}],"wp:term":[{"taxonomy":"category","embeddable":true,"href":"https:\/\/cdnoticias.com\/index.php\/wp-json\/wp\/v2\/categories?post=106192"},{"taxonomy":"post_tag","embeddable":true,"href":"https:\/\/cdnoticias.com\/index.php\/wp-json\/wp\/v2\/tags?post=106192"}],"curies":[{"name":"wp","href":"https:\/\/api.w.org\/{rel}","templated":true}]}}