{"id":106189,"date":"2024-01-08T13:06:40","date_gmt":"2024-01-08T16:06:40","guid":{"rendered":"https:\/\/cdnoticias.com\/?p=106189"},"modified":"2024-01-08T17:46:25","modified_gmt":"2024-01-08T20:46:25","slug":"fue-identificada-la-persona-fallecida-en-sierra-chica","status":"publish","type":"post","link":"https:\/\/cdnoticias.com\/index.php\/2024\/01\/08\/fue-identificada-la-persona-fallecida-en-sierra-chica\/","title":{"rendered":"Fue identificada la persona fallecida en Sierra Chica"},"content":{"rendered":"<p>Es un joven de 26 a\u00f1os. Se inform\u00f3 que contaba con antecedentes penales por robo de cables. Su familia constat\u00f3 la identidad.<\/p>\n<p><!--more--><\/p>\n<hr \/>\n<p>Tras <strong>m\u00e1s de seis horas de avances de las averiguaciones<\/strong>, se inform\u00f3 que fue <strong>identificada la persona hallada muerta en Sierra Chica<\/strong> en lo que se presume fue un<strong> intento de robar cables.<\/strong><\/p>\n<blockquote><p>Fuentes oficiales de la investigaci\u00f3n confirmaron a <strong>Central de Noticias<\/strong> que se trata de Leandro Nahuel Mart\u00ednez de 26 a\u00f1os, cuyo \u00faltimo domicilio conocido era en barrio 12 de Octubre de Olavarr\u00eda.<\/p><\/blockquote>\n<p>Se dej\u00f3 saber que <strong>para constatar la identidad, familiares de Mart\u00ednez fueron convocados <\/strong>por los investigadores<strong>.<\/strong> <strong>La v\u00edctima no contaba con documentaci\u00f3n personal<\/strong> al momento del fallecimiento.<\/p>\n<p>Asimismo, se pudo saber que el joven <strong>ten\u00eda con antecedentes penales por robo de cables.<\/strong><\/p>\n<p>Cabe recordar que la persona <a href=\"https:\/\/cdnoticias.com\/index.php\/2024\/01\/08\/hallaron-un-hombre-fallecido-en-sierra-chica-habia-intentado-robado-de-cables\/\" target=\"_blank\" rel=\"noopener\">fue hallada muerta por operarios de Coopelectric en las primeras horas de este lunes<\/a> que acudieron al acceso a Sierra Chica, a pocos metros del acceso al aut\u00f3dromo, tras el corte del suministro el\u00e9ctrico en la localidad.<\/p>\n","protected":false},"excerpt":{"rendered":"<p>Es un joven de 26 a\u00f1os. Se inform\u00f3 que contaba con antecedentes penales por robo de cables. Su familia constat\u00f3<\/p>\n","protected":false},"author":4,"featured_media":43328,"comment_status":"closed","ping_status":"closed","sticky":false,"template":"","format":"standard","meta":{"_jetpack_memberships_contains_paid_content":false,"footnotes":""},"categories":[14,1],"tags":[],"class_list":["post-106189","post","type-post","status-publish","format-standard","has-post-thumbnail","hentry","category-policiales","category-portada"],"jetpack_featured_media_url":"https:\/\/i0.wp.com\/cdnoticias.com\/wp-content\/uploads\/2022\/01\/policia-cientifica.jpg?fit=800%2C445&ssl=1","jetpack_sharing_enabled":true,"_links":{"self":[{"href":"https:\/\/cdnoticias.com\/index.php\/wp-json\/wp\/v2\/posts\/106189","targetHints":{"allow":["GET"]}}],"collection":[{"href":"https:\/\/cdnoticias.com\/index.php\/wp-json\/wp\/v2\/posts"}],"about":[{"href":"https:\/\/cdnoticias.com\/index.php\/wp-json\/wp\/v2\/types\/post"}],"author":[{"embeddable":true,"href":"https:\/\/cdnoticias.com\/index.php\/wp-json\/wp\/v2\/users\/4"}],"replies":[{"embeddable":true,"href":"https:\/\/cdnoticias.com\/index.php\/wp-json\/wp\/v2\/comments?post=106189"}],"version-history":[{"count":0,"href":"https:\/\/cdnoticias.com\/index.php\/wp-json\/wp\/v2\/posts\/106189\/revisions"}],"wp:featuredmedia":[{"embeddable":true,"href":"https:\/\/cdnoticias.com\/index.php\/wp-json\/wp\/v2\/media\/43328"}],"wp:attachment":[{"href":"https:\/\/cdnoticias.com\/index.php\/wp-json\/wp\/v2\/media?parent=106189"}],"wp:term":[{"taxonomy":"category","embeddable":true,"href":"https:\/\/cdnoticias.com\/index.php\/wp-json\/wp\/v2\/categories?post=106189"},{"taxonomy":"post_tag","embeddable":true,"href":"https:\/\/cdnoticias.com\/index.php\/wp-json\/wp\/v2\/tags?post=106189"}],"curies":[{"name":"wp","href":"https:\/\/api.w.org\/{rel}","templated":true}]}}