{"id":106165,"date":"2024-01-08T10:31:37","date_gmt":"2024-01-08T13:31:37","guid":{"rendered":"https:\/\/cdnoticias.com\/?p=106165"},"modified":"2024-01-08T13:07:15","modified_gmt":"2024-01-08T16:07:15","slug":"robaron-en-un-comercio-huyeron-en-moto-y-cayeron-uno-fue-arrestado-y-el-otro-huyo","status":"publish","type":"post","link":"https:\/\/cdnoticias.com\/index.php\/2024\/01\/08\/robaron-en-un-comercio-huyeron-en-moto-y-cayeron-uno-fue-arrestado-y-el-otro-huyo\/","title":{"rendered":"Robaron en un comercio, huyeron en moto y cayeron: uno fue arrestado y el otro huy\u00f3"},"content":{"rendered":"<p>El caso se dio este domingo. Numerosos art\u00edculos robados de un local de reparaci\u00f3n de celulares y electr\u00f3nica fueron recuperados.<\/p>\n<p><!--more--><\/p>\n<hr \/>\n<p>El<strong> robo a un comercio<\/strong> fue desbaratado al arribo de un m\u00f3vil policial y el caso deriv\u00f3 en <strong>una persecuci\u00f3n<\/strong> que llev\u00f3 al <strong>arresto de uno de los ladrones con el bot\u00edn en su poder<\/strong>. En tanto, <strong>un c\u00f3mplice alcanz\u00f3 a huir.<\/strong><\/p>\n<p>&nbsp; <\/p>\n<p>Seg\u00fan se inform\u00f3, los hechos se dieron este domingo. A ra\u00edz de un llamado al 911, el personal del <strong>Comando de Patrullas (CPO)<\/strong> lleg\u00f3 hasta <strong>Urquiza al 3900<\/strong> donde se ubica el <strong>comercio \u201cOne cel\u201d de reparaci\u00f3n de celulares y electr\u00f3nica.<\/strong><\/p>\n<p>&nbsp; <\/p>\n<p>All\u00ed constataron que se produc\u00eda un robo:<strong> los delincuentes hab\u00edan ingresado tras da\u00f1ar la puerta de acceso.<\/strong><\/p>\n<p>&nbsp; <\/p>\n<p><img data-recalc-dims=\"1\" loading=\"lazy\" decoding=\"async\" class=\"size-full wp-image-106167 aligncenter\" src=\"https:\/\/i0.wp.com\/cdnoticias.com\/wp-content\/uploads\/2024\/01\/robo-urquiza-3900-b.jpg?resize=800%2C445&#038;ssl=1\" alt=\"\" width=\"800\" height=\"445\" srcset=\"https:\/\/i0.wp.com\/cdnoticias.com\/wp-content\/uploads\/2024\/01\/robo-urquiza-3900-b.jpg?w=828&amp;ssl=1 828w, https:\/\/i0.wp.com\/cdnoticias.com\/wp-content\/uploads\/2024\/01\/robo-urquiza-3900-b.jpg?resize=300%2C167&amp;ssl=1 300w, https:\/\/i0.wp.com\/cdnoticias.com\/wp-content\/uploads\/2024\/01\/robo-urquiza-3900-b.jpg?resize=768%2C428&amp;ssl=1 768w, https:\/\/i0.wp.com\/cdnoticias.com\/wp-content\/uploads\/2024\/01\/robo-urquiza-3900-b.jpg?resize=800%2C445&amp;ssl=1 800w\" sizes=\"auto, (max-width: 800px) 100vw, 800px\" \/><\/p>\n<p>&nbsp; <\/p>\n<p>Al advertir la llegada del m\u00f3vil de patrullaje, <strong>dos hombres se subieron a una moto Honda modelo CB1 y emprendieron la huida<\/strong>.<\/p>\n<p>&nbsp; <\/p>\n<p>Los efectivos iniciaron una <strong>persecuci\u00f3n<\/strong> que termin\u00f3 en <strong>Sargento Cabral y Moya<\/strong> donde<strong> el conductor perdi\u00f3 el control de la moto y ambos ocupantes cayeron<\/strong> al asfalto.<\/p>\n<p>&nbsp; <\/p>\n<blockquote><p>Uno de ellos huy\u00f3 a pie y no fue alcanzado. El segundo termin\u00f3 aprehendido por los efectivos policiales.<\/p><\/blockquote>\n<p>&nbsp; <\/p>\n<p>En poder del arrestado se hallaron <strong>numerosos elementos que hab\u00edan sido robados<\/strong> del comercio, y que <strong>fueron reconocidos por el propietario del local.<\/strong><\/p>\n<p>&nbsp; <\/p>\n<p><img data-recalc-dims=\"1\" loading=\"lazy\" decoding=\"async\" class=\"size-full wp-image-106168 aligncenter\" src=\"https:\/\/i0.wp.com\/cdnoticias.com\/wp-content\/uploads\/2024\/01\/robo-urquiza-3900-c.jpg?resize=800%2C546&#038;ssl=1\" alt=\"\" width=\"800\" height=\"546\" srcset=\"https:\/\/i0.wp.com\/cdnoticias.com\/wp-content\/uploads\/2024\/01\/robo-urquiza-3900-c.jpg?w=1000&amp;ssl=1 1000w, https:\/\/i0.wp.com\/cdnoticias.com\/wp-content\/uploads\/2024\/01\/robo-urquiza-3900-c.jpg?resize=300%2C205&amp;ssl=1 300w, https:\/\/i0.wp.com\/cdnoticias.com\/wp-content\/uploads\/2024\/01\/robo-urquiza-3900-c.jpg?resize=768%2C524&amp;ssl=1 768w, https:\/\/i0.wp.com\/cdnoticias.com\/wp-content\/uploads\/2024\/01\/robo-urquiza-3900-c.jpg?resize=130%2C90&amp;ssl=1 130w\" sizes=\"auto, (max-width: 800px) 100vw, 800px\" \/><\/p>\n<p>&nbsp; <\/p>\n<blockquote><p>Se detall\u00f3 que se trat\u00f3 de: un parlante de sonido, una computadora de escritorio (CPU, teclado y monitor), 5 tel\u00e9fonos celulares; 28 m\u00f3dulos de pantallas de distintos modelos de tel\u00e9fonos celulares, 16 fundas de distintos modelos de tel\u00e9fonos celulares, un tr\u00edpode de celular, un adaptador USB, un compresor de carga 12v, un soldador de esta\u00f1o y un guante de tela de alba\u00f1il. Adem\u00e1s, la moto en la que transitaban los ladrones fue secuestrada.<\/p><\/blockquote>\n<p>&nbsp; <\/p>\n<p>El hombre aprehendido, de 33 a\u00f1os, fue trasladado a la comisar\u00eda Segunda. Se iniciaron <strong>actuaciones por \u201crobo infraganti delito\u201d<\/strong> con intervenci\u00f3n de la UFI N\u00ba 10 local a cargo del doctor Jos\u00e9 Iturralde.<\/p>\n<p>&nbsp; <\/p>\n","protected":false},"excerpt":{"rendered":"<p>El caso se dio este domingo. Numerosos art\u00edculos robados de un local de reparaci\u00f3n de celulares y electr\u00f3nica fueron recuperados.<\/p>\n","protected":false},"author":4,"featured_media":106166,"comment_status":"closed","ping_status":"closed","sticky":false,"template":"","format":"standard","meta":{"_jetpack_memberships_contains_paid_content":false,"footnotes":""},"categories":[14,1],"tags":[],"class_list":["post-106165","post","type-post","status-publish","format-standard","has-post-thumbnail","hentry","category-policiales","category-portada"],"jetpack_featured_media_url":"https:\/\/i0.wp.com\/cdnoticias.com\/wp-content\/uploads\/2024\/01\/robo-urquiza-3900-a.jpg?fit=800%2C444&ssl=1","jetpack_sharing_enabled":true,"_links":{"self":[{"href":"https:\/\/cdnoticias.com\/index.php\/wp-json\/wp\/v2\/posts\/106165","targetHints":{"allow":["GET"]}}],"collection":[{"href":"https:\/\/cdnoticias.com\/index.php\/wp-json\/wp\/v2\/posts"}],"about":[{"href":"https:\/\/cdnoticias.com\/index.php\/wp-json\/wp\/v2\/types\/post"}],"author":[{"embeddable":true,"href":"https:\/\/cdnoticias.com\/index.php\/wp-json\/wp\/v2\/users\/4"}],"replies":[{"embeddable":true,"href":"https:\/\/cdnoticias.com\/index.php\/wp-json\/wp\/v2\/comments?post=106165"}],"version-history":[{"count":0,"href":"https:\/\/cdnoticias.com\/index.php\/wp-json\/wp\/v2\/posts\/106165\/revisions"}],"wp:featuredmedia":[{"embeddable":true,"href":"https:\/\/cdnoticias.com\/index.php\/wp-json\/wp\/v2\/media\/106166"}],"wp:attachment":[{"href":"https:\/\/cdnoticias.com\/index.php\/wp-json\/wp\/v2\/media?parent=106165"}],"wp:term":[{"taxonomy":"category","embeddable":true,"href":"https:\/\/cdnoticias.com\/index.php\/wp-json\/wp\/v2\/categories?post=106165"},{"taxonomy":"post_tag","embeddable":true,"href":"https:\/\/cdnoticias.com\/index.php\/wp-json\/wp\/v2\/tags?post=106165"}],"curies":[{"name":"wp","href":"https:\/\/api.w.org\/{rel}","templated":true}]}}