{"id":10615,"date":"2021-01-04T19:55:12","date_gmt":"2021-01-04T22:55:12","guid":{"rendered":"http:\/\/www.centraldenoticias.com.ar\/?p=10615"},"modified":"2021-01-04T19:56:28","modified_gmt":"2021-01-04T22:56:28","slug":"ramiro-borzi-se-sucedio-una-serie-de-hechos-irregulares-graves","status":"publish","type":"post","link":"https:\/\/cdnoticias.com\/index.php\/2021\/01\/04\/ramiro-borzi-se-sucedio-una-serie-de-hechos-irregulares-graves\/","title":{"rendered":"Ramiro Borzi: \u201cSe sucedi\u00f3 una serie de hechos irregulares, graves\u201d"},"content":{"rendered":"<p>El Director de la Regi\u00f3n Sanitaria IX explic\u00f3 la situaci\u00f3n que motiv\u00f3 que tengan que sacarse de circulaci\u00f3n la totalidad de vacunas contra el coronavirus que hab\u00edan llegado a Olavarr\u00eda.<\/p>\n<p><!--more--><\/p>\n<hr \/>\n<p><strong>\u201cCuando llegamos constatamos que hab\u00eda habido un desv\u00edo en la cadena de fr\u00edo. Empezamos a indagar y nos dimos que cuenta se sucedi\u00f3 una serie de hechos irregulares, graves\u201d<\/strong>. De esa manera Ramiro Borzi, director de la Regi\u00f3n Sanitaria IX, explic\u00f3 al <a href=\"https:\/\/www.diarioeltiempo.com.ar\/nota-se-inicio-una-investigacion-por-la-perdida-en-la-cadena-de-frio-de-dosis-de-sputnik-v-en-olavarria-169446\" target=\"_blank\" rel=\"noopener\">Diario El Tiempo de Azul<\/a> , la situaci\u00f3n que con la que se encontraron en la ma\u00f1ana de este lunes, cuando con la doctora Norma \u00c1lvarez Morello se acercaron al Hospital de Oncolog\u00eda local.<\/p>\n<p>&nbsp;<\/p>\n<p>La presencia en ese lugar, seg\u00fan a\u00f1adi\u00f3, fue a partir de una directiva expresa desde el Ministerio de Salud Provincial \u201c<strong>por una situaci\u00f3n que se estaba dando con las vacunas\u201d<\/strong>. Al arribar al lugar se toparon con una realidad completamente inesperada.<\/p>\n<p>&nbsp;<\/p>\n<p><img data-recalc-dims=\"1\" loading=\"lazy\" decoding=\"async\" class=\"alignnone size-large wp-image-10109\" src=\"https:\/\/i0.wp.com\/cdnoticias.com\/wp-content\/uploads\/2020\/12\/vacuna-covid.jpg?resize=800%2C600&#038;ssl=1\" alt=\"\" width=\"800\" height=\"600\" srcset=\"https:\/\/i0.wp.com\/cdnoticias.com\/wp-content\/uploads\/2020\/12\/vacuna-covid.jpg?resize=1024%2C768&amp;ssl=1 1024w, https:\/\/i0.wp.com\/cdnoticias.com\/wp-content\/uploads\/2020\/12\/vacuna-covid.jpg?resize=300%2C225&amp;ssl=1 300w, https:\/\/i0.wp.com\/cdnoticias.com\/wp-content\/uploads\/2020\/12\/vacuna-covid.jpg?resize=768%2C576&amp;ssl=1 768w, https:\/\/i0.wp.com\/cdnoticias.com\/wp-content\/uploads\/2020\/12\/vacuna-covid.jpg?w=2048&amp;ssl=1 2048w, https:\/\/i0.wp.com\/cdnoticias.com\/wp-content\/uploads\/2020\/12\/vacuna-covid.jpg?w=1600&amp;ssl=1 1600w\" sizes=\"auto, (max-width: 800px) 100vw, 800px\" \/><\/p>\n<p>&nbsp;<\/p>\n<p><strong>\u201cPor ejemplo se cort\u00f3 la transmisi\u00f3n de la c\u00e1mara que enfocaba el freezer a las 2.50 de la madrugada y no volvi\u00f3 a tener conexi\u00f3n\u201d<\/strong>, comenz\u00f3 a enumerar precisamente cada una de situaciones \u201cirregulares\u201d que fueron advirtiendo. <strong>\u201cHubo movimientos extra\u00f1os alrededor del hospital, el reporte del personal de seguridad de la madrugada no estuvo\u201d<\/strong>, agreg\u00f3.<\/p>\n<p>&nbsp;<\/p>\n<p>Seg\u00fan a\u00f1adi\u00f3, y <strong>\u201cen pos del cuidado de la poblaci\u00f3n\u201d<\/strong>, fue que se decidi\u00f3 <a href=\"https:\/\/cdnoticias.com\/index.php\/2021\/01\/04\/por-la-perdida-de-la-cadena-de-frio-debieron-tirar-todas-las-vacunas-contra-el-coronavirus\/\" target=\"_blank\" rel=\"noopener\">sacar de circulaci\u00f3n la partida de vacunas que se encontraba en ese freezer<\/a>. Seg\u00fan se estimaron otras fuentes consultadas por este portal, se tratar\u00eda de alrededor de 400 dosis.<\/p>\n<p>&nbsp;<\/p>\n<p>Por \u00faltimo, expres\u00f3 que <strong>\u201cse abri\u00f3 una l\u00ednea de investigaci\u00f3n administrativa, hacia adentro el Hospital, y judicial una denuncia que realizaron los directores de Oncolog\u00eda\u201d<\/strong>, concluy\u00f3.<\/p>\n","protected":false},"excerpt":{"rendered":"<p>El Director de la Regi\u00f3n Sanitaria IX explic\u00f3 la situaci\u00f3n que motiv\u00f3 que tengan que sacarse de circulaci\u00f3n la totalidad<\/p>\n","protected":false},"author":3,"featured_media":10147,"comment_status":"closed","ping_status":"closed","sticky":false,"template":"","format":"standard","meta":{"_jetpack_memberships_contains_paid_content":false,"footnotes":""},"categories":[5,1],"tags":[],"class_list":["post-10615","post","type-post","status-publish","format-standard","has-post-thumbnail","hentry","category-informacion-general","category-portada"],"jetpack_featured_media_url":"https:\/\/i0.wp.com\/cdnoticias.com\/wp-content\/uploads\/2020\/12\/vacuna-covid-borzi-rosende.jpg?fit=800%2C446&ssl=1","jetpack_sharing_enabled":true,"_links":{"self":[{"href":"https:\/\/cdnoticias.com\/index.php\/wp-json\/wp\/v2\/posts\/10615","targetHints":{"allow":["GET"]}}],"collection":[{"href":"https:\/\/cdnoticias.com\/index.php\/wp-json\/wp\/v2\/posts"}],"about":[{"href":"https:\/\/cdnoticias.com\/index.php\/wp-json\/wp\/v2\/types\/post"}],"author":[{"embeddable":true,"href":"https:\/\/cdnoticias.com\/index.php\/wp-json\/wp\/v2\/users\/3"}],"replies":[{"embeddable":true,"href":"https:\/\/cdnoticias.com\/index.php\/wp-json\/wp\/v2\/comments?post=10615"}],"version-history":[{"count":0,"href":"https:\/\/cdnoticias.com\/index.php\/wp-json\/wp\/v2\/posts\/10615\/revisions"}],"wp:featuredmedia":[{"embeddable":true,"href":"https:\/\/cdnoticias.com\/index.php\/wp-json\/wp\/v2\/media\/10147"}],"wp:attachment":[{"href":"https:\/\/cdnoticias.com\/index.php\/wp-json\/wp\/v2\/media?parent=10615"}],"wp:term":[{"taxonomy":"category","embeddable":true,"href":"https:\/\/cdnoticias.com\/index.php\/wp-json\/wp\/v2\/categories?post=10615"},{"taxonomy":"post_tag","embeddable":true,"href":"https:\/\/cdnoticias.com\/index.php\/wp-json\/wp\/v2\/tags?post=10615"}],"curies":[{"name":"wp","href":"https:\/\/api.w.org\/{rel}","templated":true}]}}