{"id":10610,"date":"2021-01-04T18:58:19","date_gmt":"2021-01-04T21:58:19","guid":{"rendered":"http:\/\/www.centraldenoticias.com.ar\/?p=10610"},"modified":"2021-01-04T18:58:19","modified_gmt":"2021-01-04T21:58:19","slug":"coronavirus-fallecio-un-paciente-de-67-anos","status":"publish","type":"post","link":"https:\/\/cdnoticias.com\/index.php\/2021\/01\/04\/coronavirus-fallecio-un-paciente-de-67-anos\/","title":{"rendered":"Coronavirus: Falleci\u00f3 un paciente de 67 a\u00f1os"},"content":{"rendered":"<p>Permanec\u00eda internado en la Unidad de Terapia Intensiva del Hospital Municipal. Son 96 las muertes por la pandemia en el partido de Olavarr\u00eda.<!--more--><\/p>\n<hr \/>\n<p>Mientras toda la atenci\u00f3n, y tambi\u00e9n la preocupaci\u00f3n, gira en torno a<a href=\"https:\/\/cdnoticias.com\/index.php\/2021\/01\/04\/por-la-perdida-de-la-cadena-de-frio-debieron-tirar-todas-las-vacunas-contra-el-coronavirus\/\" target=\"_blank\" rel=\"noopener\"> qu\u00e9 sucedi\u00f3 con las vacunas que debieron ser desechadas ante la p\u00e9rdida de la cadena de frio<\/a>, Olavarr\u00eda registr\u00f3 en las \u00faltimas horas <strong>una muerte m\u00e1s por coronavirus, la n\u00famero 96 por la pandemia<\/strong>.<\/p>\n<p>&nbsp;<\/p>\n<p><img data-recalc-dims=\"1\" loading=\"lazy\" decoding=\"async\" class=\"alignnone size-large wp-image-10611\" src=\"https:\/\/i0.wp.com\/cdnoticias.com\/wp-content\/uploads\/2021\/01\/parte.jpg?resize=800%2C410&#038;ssl=1\" alt=\"\" width=\"800\" height=\"410\" srcset=\"https:\/\/i0.wp.com\/cdnoticias.com\/wp-content\/uploads\/2021\/01\/parte.jpg?resize=1024%2C525&amp;ssl=1 1024w, https:\/\/i0.wp.com\/cdnoticias.com\/wp-content\/uploads\/2021\/01\/parte.jpg?resize=300%2C154&amp;ssl=1 300w, https:\/\/i0.wp.com\/cdnoticias.com\/wp-content\/uploads\/2021\/01\/parte.jpg?resize=768%2C393&amp;ssl=1 768w, https:\/\/i0.wp.com\/cdnoticias.com\/wp-content\/uploads\/2021\/01\/parte.jpg?w=1181&amp;ssl=1 1181w\" sizes=\"auto, (max-width: 800px) 100vw, 800px\" \/><\/p>\n<p>&nbsp;<\/p>\n<p>Seg\u00fan se narr\u00f3 desde la Secretar\u00eda de Salud del Gobierno Municipal, <strong>se trat\u00f3 de un hombre de 67 a\u00f1os que estaba internado en la Unidad de Terapia Intensiva del Hospital Municipal \u201cDoctor H\u00e9ctor Cura\u201d desde el pasado 20 de diciembre<\/strong>. Con respecto a su condici\u00f3n m\u00e9dica se a\u00f1adi\u00f3 que presentaba \u201ccomorbilidades\u201d. Desde el Ejecutivo local Se enviaron condolencias a familiares y amigos del paciente fallecido.<\/p>\n<p>&nbsp;<\/p>\n<p>Por otra parte, este lunes,<strong> tras la realizaci\u00f3n de 174 testeos, se detectaron 37 nuevos casos de Covid19<\/strong>. A la par, hubo 47 pacientes que recibieron el alta m\u00e9dica, por lo que <strong>son 176 los olavarrienses que actualmente tienen la enfermedad<\/strong>.<\/p>\n<p>&nbsp;<\/p>\n<p><img data-recalc-dims=\"1\" loading=\"lazy\" decoding=\"async\" class=\"alignnone size-large wp-image-10612\" src=\"https:\/\/i0.wp.com\/cdnoticias.com\/wp-content\/uploads\/2021\/01\/parte02.jpg?resize=800%2C395&#038;ssl=1\" alt=\"\" width=\"800\" height=\"395\" srcset=\"https:\/\/i0.wp.com\/cdnoticias.com\/wp-content\/uploads\/2021\/01\/parte02.jpg?resize=1024%2C506&amp;ssl=1 1024w, https:\/\/i0.wp.com\/cdnoticias.com\/wp-content\/uploads\/2021\/01\/parte02.jpg?resize=300%2C148&amp;ssl=1 300w, https:\/\/i0.wp.com\/cdnoticias.com\/wp-content\/uploads\/2021\/01\/parte02.jpg?resize=768%2C380&amp;ssl=1 768w, https:\/\/i0.wp.com\/cdnoticias.com\/wp-content\/uploads\/2021\/01\/parte02.jpg?w=1163&amp;ssl=1 1163w\" sizes=\"auto, (max-width: 800px) 100vw, 800px\" \/><\/p>\n<p>&nbsp;<\/p>\n<p><strong>De los 37 positivos que se detall\u00f3 que 20 corresponden al Programa RTA<\/strong> que se desarrolla todos los d\u00edas a las 8.30 horas en el Hospital. Los restantes corresponden a nexos con positivos anteriores.<\/p>\n<p>&nbsp;<\/p>\n<p>Sobre el estado actual del Hospital Municipal \u201cDr. H\u00e9ctor Cura\u201d, se indic\u00f3 que<strong> hay cuatro pacientes en Unidad de Terapia Intensiva y seis en Cuidados Generales<\/strong>. En este sentido, desde la Secretar\u00eda de Salud Municipal aseguraron que el 90% de los casos positivos corresponden a personas con menos de 60 a\u00f1os y el 10% a mayores de 60 a\u00f1os.<\/p>\n","protected":false},"excerpt":{"rendered":"<p>Permanec\u00eda internado en la Unidad de Terapia Intensiva del Hospital Municipal. Son 96 las muertes por la pandemia en el<\/p>\n","protected":false},"author":3,"featured_media":1001,"comment_status":"closed","ping_status":"closed","sticky":false,"template":"","format":"standard","meta":{"_jetpack_memberships_contains_paid_content":false,"footnotes":""},"categories":[5,1],"tags":[],"class_list":["post-10610","post","type-post","status-publish","format-standard","has-post-thumbnail","hentry","category-informacion-general","category-portada"],"jetpack_featured_media_url":"https:\/\/i0.wp.com\/cdnoticias.com\/wp-content\/uploads\/2020\/09\/HospitalMunicipal02.jpg?fit=4608%2C3072&ssl=1","jetpack_sharing_enabled":true,"_links":{"self":[{"href":"https:\/\/cdnoticias.com\/index.php\/wp-json\/wp\/v2\/posts\/10610","targetHints":{"allow":["GET"]}}],"collection":[{"href":"https:\/\/cdnoticias.com\/index.php\/wp-json\/wp\/v2\/posts"}],"about":[{"href":"https:\/\/cdnoticias.com\/index.php\/wp-json\/wp\/v2\/types\/post"}],"author":[{"embeddable":true,"href":"https:\/\/cdnoticias.com\/index.php\/wp-json\/wp\/v2\/users\/3"}],"replies":[{"embeddable":true,"href":"https:\/\/cdnoticias.com\/index.php\/wp-json\/wp\/v2\/comments?post=10610"}],"version-history":[{"count":0,"href":"https:\/\/cdnoticias.com\/index.php\/wp-json\/wp\/v2\/posts\/10610\/revisions"}],"wp:featuredmedia":[{"embeddable":true,"href":"https:\/\/cdnoticias.com\/index.php\/wp-json\/wp\/v2\/media\/1001"}],"wp:attachment":[{"href":"https:\/\/cdnoticias.com\/index.php\/wp-json\/wp\/v2\/media?parent=10610"}],"wp:term":[{"taxonomy":"category","embeddable":true,"href":"https:\/\/cdnoticias.com\/index.php\/wp-json\/wp\/v2\/categories?post=10610"},{"taxonomy":"post_tag","embeddable":true,"href":"https:\/\/cdnoticias.com\/index.php\/wp-json\/wp\/v2\/tags?post=10610"}],"curies":[{"name":"wp","href":"https:\/\/api.w.org\/{rel}","templated":true}]}}