{"id":10608,"date":"2021-01-04T18:49:17","date_gmt":"2021-01-04T21:49:17","guid":{"rendered":"http:\/\/www.centraldenoticias.com.ar\/?p=10608"},"modified":"2021-01-04T20:01:01","modified_gmt":"2021-01-04T23:01:01","slug":"perdida-de-vacunas-contra-el-covid-hablan-de-irregularidades-y-sabotaje","status":"publish","type":"post","link":"https:\/\/cdnoticias.com\/index.php\/2021\/01\/04\/perdida-de-vacunas-contra-el-covid-hablan-de-irregularidades-y-sabotaje\/","title":{"rendered":"P\u00e9rdida de vacunas contra el COVID: hablan de \u201cirregularidades\u201d y \u201csabotaje\u201d"},"content":{"rendered":"<p>As\u00ed signaron las primeras versiones de fuentes consultadas por Central de Noticias. La presunta ausencia de guardia y el \u201capag\u00f3n\u201d de una c\u00e1mara de seguridad los hechos que se apuntaron en primera instancia. Por ahora no se present\u00f3 formalmente la denuncia.<!--more--><\/p>\n<hr \/>\n<p>Tras la confirmaci\u00f3n de la <a href=\"https:\/\/cdnoticias.com\/index.php\/2021\/01\/04\/por-la-perdida-de-la-cadena-de-frio-debieron-tirar-todas-las-vacunas-contra-el-coronavirus\/\" target=\"_blank\" rel=\"noopener\">p\u00e9rdida de alrededor de 400 vacunas contra el COVID-19<\/a>,<strong> las primeras versiones hablan de \u201cirregularidades\u201d y de hasta un \u201csabotaje\u201d que derivar\u00eda en una denuncia penal que se radicar\u00e1 en las pr\u00f3ximas horas.<\/strong><\/p>\n<p>&nbsp;<\/p>\n<p>Seg\u00fan las primeras averiguaciones logradas por Central de Noticias, se har\u00eda \u00e9nfasis en dos puntos: <strong>por un lado, el \u201capag\u00f3n\u201d de una c\u00e1mara de seguridad que vigilaba las 24 horas el freezer<\/strong> donde estaban alojadas las vacunas.<\/p>\n<p>&nbsp;<\/p>\n<p>Por el otro, a su vez,<strong> se dar\u00eda cuenta de algunos hechos \u201cirregulares\u201d con la guardia del lugar, el Hospital de Oncolog\u00eda, momentos antes de sucedido el hecho<\/strong>, estimado en la madrugada de este lunes.<\/p>\n<p>&nbsp;<\/p>\n<p>Lo concreto es que <strong>por la ma\u00f1ana los m\u00e9dicos que ten\u00edan turno para ser vacunados fueron notificados de la suspensi\u00f3n de la vacunaci\u00f3n<\/strong>, y la versi\u00f3n fue tomando fuerza hasta la tarde, donde se confirm\u00f3 oficialmente el hecho.<\/p>\n<p>&nbsp;<\/p>\n<p>Oficialmente,<strong> la causa de la p\u00e9rdida de las vacunas fue un \u201cdesv\u00edo\u201d de la cadena de fr\u00edo<\/strong>, que no se podr\u00e1n recuperar justamente por haber estado varias horas sin la temperatura necesaria.<\/p>\n","protected":false},"excerpt":{"rendered":"<p>As\u00ed signaron las primeras versiones de fuentes consultadas por Central de Noticias. La presunta ausencia de guardia y el \u201capag\u00f3n\u201d<\/p>\n","protected":false},"author":5,"featured_media":10129,"comment_status":"closed","ping_status":"closed","sticky":false,"template":"","format":"standard","meta":{"_jetpack_memberships_contains_paid_content":false,"footnotes":""},"categories":[5,1],"tags":[],"class_list":["post-10608","post","type-post","status-publish","format-standard","has-post-thumbnail","hentry","category-informacion-general","category-portada"],"jetpack_featured_media_url":"https:\/\/i0.wp.com\/cdnoticias.com\/wp-content\/uploads\/2020\/12\/WhatsApp-Image-2020-12-29-at-09.59.02.jpeg?fit=1263%2C759&ssl=1","jetpack_sharing_enabled":true,"_links":{"self":[{"href":"https:\/\/cdnoticias.com\/index.php\/wp-json\/wp\/v2\/posts\/10608","targetHints":{"allow":["GET"]}}],"collection":[{"href":"https:\/\/cdnoticias.com\/index.php\/wp-json\/wp\/v2\/posts"}],"about":[{"href":"https:\/\/cdnoticias.com\/index.php\/wp-json\/wp\/v2\/types\/post"}],"author":[{"embeddable":true,"href":"https:\/\/cdnoticias.com\/index.php\/wp-json\/wp\/v2\/users\/5"}],"replies":[{"embeddable":true,"href":"https:\/\/cdnoticias.com\/index.php\/wp-json\/wp\/v2\/comments?post=10608"}],"version-history":[{"count":0,"href":"https:\/\/cdnoticias.com\/index.php\/wp-json\/wp\/v2\/posts\/10608\/revisions"}],"wp:featuredmedia":[{"embeddable":true,"href":"https:\/\/cdnoticias.com\/index.php\/wp-json\/wp\/v2\/media\/10129"}],"wp:attachment":[{"href":"https:\/\/cdnoticias.com\/index.php\/wp-json\/wp\/v2\/media?parent=10608"}],"wp:term":[{"taxonomy":"category","embeddable":true,"href":"https:\/\/cdnoticias.com\/index.php\/wp-json\/wp\/v2\/categories?post=10608"},{"taxonomy":"post_tag","embeddable":true,"href":"https:\/\/cdnoticias.com\/index.php\/wp-json\/wp\/v2\/tags?post=10608"}],"curies":[{"name":"wp","href":"https:\/\/api.w.org\/{rel}","templated":true}]}}