{"id":106054,"date":"2024-01-06T19:48:25","date_gmt":"2024-01-06T22:48:25","guid":{"rendered":"https:\/\/cdnoticias.com\/?p=106054"},"modified":"2024-01-07T10:14:22","modified_gmt":"2024-01-07T13:14:22","slug":"endere-kicillof-beneficia-a-los-municipios-de-union-por-la-patria","status":"publish","type":"post","link":"https:\/\/cdnoticias.com\/index.php\/2024\/01\/06\/endere-kicillof-beneficia-a-los-municipios-de-union-por-la-patria\/","title":{"rendered":"Endere: &#8220;Kicillof beneficia a los Municipios de Uni\u00f3n por la Patria&#8221;"},"content":{"rendered":"\n<p>Tras haberse dado a conocer el nuevo \u00edndice de coparticipacion para Olavarr\u00eda, el diputado provincial se manifest\u00f3 al respecto.<\/p>\n\n\n\n<hr class=\"wp-block-separator aligncenter has-alpha-channel-opacity\"\/>\n\n\n\n<p>Este s\u00e1bado, <strong>el legislador olavarriense Mart\u00edn Endere <a href=\"https:\/\/cdnoticias.com\/index.php\/2024\/01\/06\/tras-dos-anos-en-caida-olavarria-sube-en-el-indice-de-coparticipacion-provincial-en-2024\/\" data-type=\"post\" data-id=\"105981\" target=\"_blank\" rel=\"noreferrer noopener\">valor\u00f3 la suba del CUD en Olavarr\u00eda<\/a>, pero denunci\u00f3 una \u201cdiscriminaci\u00f3n\u201d dado que los Municipios de Uni\u00f3n por la Patria de la S\u00e9ptima crecieron en coparticipaci\u00f3n, y los de Juntos por el Cambio bajaron.<\/strong><\/p>\n\n\n\n<p>En este sentido, Endere dijo: <em>&#8220;si bien es una buena noticia que el Coeficiente \u00danico de Distribuci\u00f3n (CUD) se haya incrementado en un 3,1% para Olavarr\u00eda queda demostrado el manejo discrecional de los fondos que hace el gobernador Axel Kicillof &#8220;.<\/em><\/p>\n\n\n\n<p><em>&#8220;Es importante que ingrese m\u00e1s dinero para los vecinos que son los que aportan con sus impuestos pero hace tiempo <strong>venimos manifestando que en estos a\u00f1os fueron beneficiados los intendentes del mismo color pol\u00edtico que el Gobernador<\/strong>&#8220;<\/em>, agreg\u00f3.<\/p>\n\n\n\n<p>Adem\u00e1s, el legislador expres\u00f3:<em> &#8220;durante las dos gestiones del intendente Ezequiel Galli, salvo en 2020 por la Pandemia, Olavarr\u00eda fue perjudicada sistem\u00e1ticamente por la gesti\u00f3n Kicillof&#8221;.<\/em><\/p>\n\n\n\n<blockquote class=\"wp-block-quote is-layout-flow wp-block-quote-is-layout-flow\">\n<p>&#8220;Esta actitud del gobierno provincial no nos sorprende para nada aunque no debemos naturalizar estas pr\u00e1cticas para fortalecer nuestro sistema democr\u00e1tico&#8221;.<\/p>\n<\/blockquote>\n\n\n\n<p>Se\u00f1al\u00f3, en la comparativa, que<strong> Azul y Bol\u00edvar crecieron y Alvear y Saladillo bajaron<\/strong>. \u201c<em>Resulta llamativo que estos dos municipios gobernados por Uni\u00f3n por la Patria hayan sido beneficiados tambi\u00e9n en la nueva distribuci\u00f3n y General Alvear y Saladillo fueron perjudicados&#8221;.<\/em><\/p>\n\n\n\n<p>Finalmente, el diputado que representa a la S\u00e9ptima Secci\u00f3n Electoral manifest\u00f3: <em>&#8220;desde la Legislatura le ofrecimos todas las herramientas necesarias para gobernar, no para favorecer intereses partidarios&#8221;.<\/em><\/p>\n","protected":false},"excerpt":{"rendered":"<p>Tras haberse dado a conocer el nuevo \u00edndice de coparticipacion para Olavarr\u00eda, el diputado provincial se manifest\u00f3 al respecto. Este<\/p>\n","protected":false},"author":2,"featured_media":106055,"comment_status":"closed","ping_status":"closed","sticky":false,"template":"","format":"standard","meta":{"_jetpack_memberships_contains_paid_content":false,"footnotes":""},"categories":[4],"tags":[],"class_list":["post-106054","post","type-post","status-publish","format-standard","has-post-thumbnail","hentry","category-politica"],"jetpack_featured_media_url":"https:\/\/i0.wp.com\/cdnoticias.com\/wp-content\/uploads\/2024\/01\/WhatsApp-Image-2024-01-06-at-17.22.37.jpeg?fit=1600%2C1066&ssl=1","jetpack_sharing_enabled":true,"_links":{"self":[{"href":"https:\/\/cdnoticias.com\/index.php\/wp-json\/wp\/v2\/posts\/106054","targetHints":{"allow":["GET"]}}],"collection":[{"href":"https:\/\/cdnoticias.com\/index.php\/wp-json\/wp\/v2\/posts"}],"about":[{"href":"https:\/\/cdnoticias.com\/index.php\/wp-json\/wp\/v2\/types\/post"}],"author":[{"embeddable":true,"href":"https:\/\/cdnoticias.com\/index.php\/wp-json\/wp\/v2\/users\/2"}],"replies":[{"embeddable":true,"href":"https:\/\/cdnoticias.com\/index.php\/wp-json\/wp\/v2\/comments?post=106054"}],"version-history":[{"count":0,"href":"https:\/\/cdnoticias.com\/index.php\/wp-json\/wp\/v2\/posts\/106054\/revisions"}],"wp:featuredmedia":[{"embeddable":true,"href":"https:\/\/cdnoticias.com\/index.php\/wp-json\/wp\/v2\/media\/106055"}],"wp:attachment":[{"href":"https:\/\/cdnoticias.com\/index.php\/wp-json\/wp\/v2\/media?parent=106054"}],"wp:term":[{"taxonomy":"category","embeddable":true,"href":"https:\/\/cdnoticias.com\/index.php\/wp-json\/wp\/v2\/categories?post=106054"},{"taxonomy":"post_tag","embeddable":true,"href":"https:\/\/cdnoticias.com\/index.php\/wp-json\/wp\/v2\/tags?post=106054"}],"curies":[{"name":"wp","href":"https:\/\/api.w.org\/{rel}","templated":true}]}}