{"id":106047,"date":"2024-01-06T18:54:08","date_gmt":"2024-01-06T21:54:08","guid":{"rendered":"https:\/\/cdnoticias.com\/?p=106047"},"modified":"2024-01-07T11:10:04","modified_gmt":"2024-01-07T14:10:04","slug":"tras-el-reclamo-de-vecinos-reprogramaron-la-fiesta-de-reyes-en-sierras-bayas","status":"publish","type":"post","link":"https:\/\/cdnoticias.com\/index.php\/2024\/01\/06\/tras-el-reclamo-de-vecinos-reprogramaron-la-fiesta-de-reyes-en-sierras-bayas\/","title":{"rendered":"Tras el reclamo de vecinos, reprogramaron la Fiesta de Reyes en Sierras Bayas"},"content":{"rendered":"\n<p>Ser\u00e1 el 13 de enero. Un grupo de vecinos, encabezados por un empresario de la localidad, hab\u00edan pedido \u201cno perder la magia\u201d tras la confirmaci\u00f3n en su momento de que no habr\u00eda reprogramaci\u00f3n.<\/p>\n\n\n\n<hr class=\"wp-block-separator aligncenter has-alpha-channel-opacity\"\/>\n\n\n\n<p>Luego de un importante reclamo de un grupo de vecinos de Sierras Bayas,<strong> la Fiesta de Reyes Magos fue reprogramada y se desarrollar\u00e1 el pr\u00f3ximo s\u00e1bado 13 de enero.<\/strong><\/p>\n\n\n\n<p>Cabe se\u00f1alar que <strong>la fiesta hab\u00eda sido suspendida por una alerta amarilla para la noche del viernes, algo que impidi\u00f3 su normal desarrollo.<\/strong><\/p>\n\n\n\n<figure class=\"wp-block-embed is-type-wp-embed is-provider-central-de-noticias-olavarr-a wp-block-embed-central-de-noticias-olavarr-a\"><div class=\"wp-block-embed__wrapper\">\n<blockquote class=\"wp-embedded-content\" data-secret=\"pa2MKvrLet\"><a href=\"https:\/\/cdnoticias.com\/index.php\/2024\/01\/04\/sierras-bayas-se-suspendio-la-fiesta-de-reyes-y-no-se-reprogramara\/\">Sierras Bayas: se suspendi\u00f3 la Fiesta de Reyes y no se reprogramar\u00e1<\/a><\/blockquote><iframe loading=\"lazy\" class=\"wp-embedded-content\" sandbox=\"allow-scripts\" security=\"restricted\" style=\"position: absolute; clip: rect(1px, 1px, 1px, 1px);\" title=\"&#8220;Sierras Bayas: se suspendi\u00f3 la Fiesta de Reyes y no se reprogramar\u00e1&#8221; &#8212; Central de Noticias | Olavarr\u00eda\" src=\"https:\/\/cdnoticias.com\/index.php\/2024\/01\/04\/sierras-bayas-se-suspendio-la-fiesta-de-reyes-y-no-se-reprogramara\/embed\/#?secret=Sb7W6s4lw1#?secret=pa2MKvrLet\" data-secret=\"pa2MKvrLet\" width=\"600\" height=\"338\" frameborder=\"0\" marginwidth=\"0\" marginheight=\"0\" scrolling=\"no\"><\/iframe>\n<\/div><\/figure>\n\n\n\n<p>La comisi\u00f3n de la fiesta explic\u00f3 que se deb\u00eda a que<em> \u201cla magia es el 5 de enero, no dentro de una semana o 15 d\u00edas.. porque no es f\u00e1cil coordinar todo nuevamente y m\u00e1s a\u00fan hacer toda las habilitaciones que lleva la Fiesta\u201d.<\/em><\/p>\n\n\n\n<p>Sin embargo,<strong> un grupo de vecinos se mostr\u00f3 \u201csorprendido\u201d por la no reprogramaci\u00f3n de la festividad, una verdadera tradici\u00f3n para Sierras Bayas. El empresario David Priola expuso en sus redes sociales la inquietud personal pero tambi\u00e9n recabada en di\u00e1logo con varios sierrabayenses<\/strong>:<em> \u201cle hemos entregado al Presidente de la comisi\u00f3n organizadora de la Fiesta de Reyes Magos, una nota elaborada y firmada por 4 ex integrantes de comisiones anteriores\u201d<\/em> en la cual ped\u00edan autorizaci\u00f3n para realizar la bajada de reyes, en principio, el lunes pr\u00f3ximo.<\/p>\n\n\n\n<p>La intenci\u00f3n era<em> \u201centregar a cada ni\u00f1o y ni\u00f1a un peque\u00f1o presente. La idea final es mantener intacta la magia de los Reyes. Los que amamos la fiesta entienden de lo que estamos hablando\u201d.<\/em><\/p>\n\n\n\n<p>Al no obtener respuestas, <strong>por la tarde el propio Priola se\u00f1al\u00f3 que ante la falta de respuestas realizar\u00edan una juntada de firmas para pedir la remoci\u00f3n de la comisi\u00f3n de la Fiesta de Reyes <\/strong>ya que <em>\u201catentan directamente hacia la m\u00edstica de la fiesta, no escuchando la opini\u00f3n popular, mintiendo, no dando un mensaje claro y aut\u00e9ntico\u201d.<\/em><\/p>\n\n\n\n<p>Y unos minutos despu\u00e9s,<strong> la comisi\u00f3n emiti\u00f3 un comunicado en el que confirm\u00f3 que, en conjunto con el Municipio, se decidi\u00f3 reprogramar la fiesta para el pr\u00f3ximo s\u00e1bado 13 de enero \u201ccumpliendo con todos los requerimientos para su habilitaci\u00f3n\u201d.<\/strong><\/p>\n\n\n\n<p>Adem\u00e1s, adelantaron que informar\u00e1n d\u00edas y horarios de recepci\u00f3n de cartitas, mientras que abrieron la convocatoria para participar a artesanos y emprendedores mediante el n\u00famero de tel\u00e9fono 2284-305307.<\/p>\n","protected":false},"excerpt":{"rendered":"<p>Ser\u00e1 el 13 de enero. Un grupo de vecinos, encabezados por un empresario de la localidad, hab\u00edan pedido \u201cno perder<\/p>\n","protected":false},"author":2,"featured_media":43357,"comment_status":"closed","ping_status":"closed","sticky":false,"template":"","format":"standard","meta":{"_jetpack_memberships_contains_paid_content":false,"footnotes":""},"categories":[9,1],"tags":[],"class_list":["post-106047","post","type-post","status-publish","format-standard","has-post-thumbnail","hentry","category-cultura","category-portada"],"jetpack_featured_media_url":"https:\/\/i0.wp.com\/cdnoticias.com\/wp-content\/uploads\/2022\/01\/fiesta-de-reyes-00.jpg?fit=800%2C446&ssl=1","jetpack_sharing_enabled":true,"_links":{"self":[{"href":"https:\/\/cdnoticias.com\/index.php\/wp-json\/wp\/v2\/posts\/106047","targetHints":{"allow":["GET"]}}],"collection":[{"href":"https:\/\/cdnoticias.com\/index.php\/wp-json\/wp\/v2\/posts"}],"about":[{"href":"https:\/\/cdnoticias.com\/index.php\/wp-json\/wp\/v2\/types\/post"}],"author":[{"embeddable":true,"href":"https:\/\/cdnoticias.com\/index.php\/wp-json\/wp\/v2\/users\/2"}],"replies":[{"embeddable":true,"href":"https:\/\/cdnoticias.com\/index.php\/wp-json\/wp\/v2\/comments?post=106047"}],"version-history":[{"count":0,"href":"https:\/\/cdnoticias.com\/index.php\/wp-json\/wp\/v2\/posts\/106047\/revisions"}],"wp:featuredmedia":[{"embeddable":true,"href":"https:\/\/cdnoticias.com\/index.php\/wp-json\/wp\/v2\/media\/43357"}],"wp:attachment":[{"href":"https:\/\/cdnoticias.com\/index.php\/wp-json\/wp\/v2\/media?parent=106047"}],"wp:term":[{"taxonomy":"category","embeddable":true,"href":"https:\/\/cdnoticias.com\/index.php\/wp-json\/wp\/v2\/categories?post=106047"},{"taxonomy":"post_tag","embeddable":true,"href":"https:\/\/cdnoticias.com\/index.php\/wp-json\/wp\/v2\/tags?post=106047"}],"curies":[{"name":"wp","href":"https:\/\/api.w.org\/{rel}","templated":true}]}}