{"id":106040,"date":"2024-01-06T17:33:20","date_gmt":"2024-01-06T20:33:20","guid":{"rendered":"https:\/\/cdnoticias.com\/?p=106040"},"modified":"2024-01-07T10:01:17","modified_gmt":"2024-01-07T13:01:17","slug":"interceptaron-a-un-conductor-con-109g-l-de-alcohol-en-sangre","status":"publish","type":"post","link":"https:\/\/cdnoticias.com\/index.php\/2024\/01\/06\/interceptaron-a-un-conductor-con-109g-l-de-alcohol-en-sangre\/","title":{"rendered":"Interceptaron a un conductor con 1,09g\/l de alcohol en sangre"},"content":{"rendered":"\n<p>Fue en uno de los controles preventivos de la Subsecretar\u00eda de Protecci\u00f3n Ciudadana. Se le secuestr\u00f3 la licencia de conducir.<\/p>\n\n\n\n<hr class=\"wp-block-separator aligncenter has-alpha-channel-opacity\"\/>\n\n\n\n<p>Este s\u00e1bado a la madrugada, <strong>personal de la Subsecretar\u00eda de Protecci\u00f3n Ciudadana detect\u00f3 a un conductor que circulaba con 1,09g\/l de alcohol en sangre.<\/strong><\/p>\n\n\n\n<p>Cabe se\u00f1alar que se detect\u00f3 en <strong>controles preventivos que realiza el \u00e1rea <\/strong>teniendo en cuenta la Ley de Alcohol Cero para circular.<\/p>\n\n\n\n<p>Por el hecho, <strong>se procedi\u00f3 a la retenci\u00f3n preventiva de la licencia de conducir con intervenci\u00f3n del Juzgado de Faltas local.<\/strong><br><br>Se recuerda que desde el 01 de enero del 2023 se encuentra vigente en la provincia de Buenos Aires la<strong> Ley 15402 de &#8220;Alcohol Cero&#8221; que establece la prohibici\u00f3n de circulaci\u00f3n con cualquier gramaje de alcohol al volante.<\/strong><\/p>\n","protected":false},"excerpt":{"rendered":"<p>Fue en uno de los controles preventivos de la Subsecretar\u00eda de Protecci\u00f3n Ciudadana. Se le secuestr\u00f3 la licencia de conducir.<\/p>\n","protected":false},"author":2,"featured_media":106041,"comment_status":"closed","ping_status":"closed","sticky":false,"template":"","format":"standard","meta":{"_jetpack_memberships_contains_paid_content":false,"footnotes":""},"categories":[14,1],"tags":[],"class_list":["post-106040","post","type-post","status-publish","format-standard","has-post-thumbnail","hentry","category-policiales","category-portada"],"jetpack_featured_media_url":"https:\/\/i0.wp.com\/cdnoticias.com\/wp-content\/uploads\/2024\/01\/WhatsApp-Image-2024-01-06-at-17.16.28.jpeg?fit=1250%2C903&ssl=1","jetpack_sharing_enabled":true,"_links":{"self":[{"href":"https:\/\/cdnoticias.com\/index.php\/wp-json\/wp\/v2\/posts\/106040","targetHints":{"allow":["GET"]}}],"collection":[{"href":"https:\/\/cdnoticias.com\/index.php\/wp-json\/wp\/v2\/posts"}],"about":[{"href":"https:\/\/cdnoticias.com\/index.php\/wp-json\/wp\/v2\/types\/post"}],"author":[{"embeddable":true,"href":"https:\/\/cdnoticias.com\/index.php\/wp-json\/wp\/v2\/users\/2"}],"replies":[{"embeddable":true,"href":"https:\/\/cdnoticias.com\/index.php\/wp-json\/wp\/v2\/comments?post=106040"}],"version-history":[{"count":0,"href":"https:\/\/cdnoticias.com\/index.php\/wp-json\/wp\/v2\/posts\/106040\/revisions"}],"wp:featuredmedia":[{"embeddable":true,"href":"https:\/\/cdnoticias.com\/index.php\/wp-json\/wp\/v2\/media\/106041"}],"wp:attachment":[{"href":"https:\/\/cdnoticias.com\/index.php\/wp-json\/wp\/v2\/media?parent=106040"}],"wp:term":[{"taxonomy":"category","embeddable":true,"href":"https:\/\/cdnoticias.com\/index.php\/wp-json\/wp\/v2\/categories?post=106040"},{"taxonomy":"post_tag","embeddable":true,"href":"https:\/\/cdnoticias.com\/index.php\/wp-json\/wp\/v2\/tags?post=106040"}],"curies":[{"name":"wp","href":"https:\/\/api.w.org\/{rel}","templated":true}]}}