{"id":10604,"date":"2021-01-04T18:02:00","date_gmt":"2021-01-04T21:02:00","guid":{"rendered":"http:\/\/www.centraldenoticias.com.ar\/?p=10604"},"modified":"2021-01-04T18:49:32","modified_gmt":"2021-01-04T21:49:32","slug":"por-la-perdida-de-la-cadena-de-frio-debieron-tirar-todas-las-vacunas-contra-el-coronavirus","status":"publish","type":"post","link":"https:\/\/cdnoticias.com\/index.php\/2021\/01\/04\/por-la-perdida-de-la-cadena-de-frio-debieron-tirar-todas-las-vacunas-contra-el-coronavirus\/","title":{"rendered":"Por la p\u00e9rdida de la cadena de fr\u00edo, debieron tirar todas las vacunas contra el Coronavirus"},"content":{"rendered":"<p>As\u00ed fue confiado por distintas fuentes consultadas por Central de Noticias. Se inici\u00f3 un proceso sumarial para investigar lo ocurrido. El n\u00famero de dosis ascender\u00eda a 400. Analizan un \u201cdesv\u00edo en la cadena de frio\u201d y una \u201csucesi\u00f3n de hechos irregulares\u201d.<!--more--><\/p>\n<hr \/>\n<p>Este lunes se conoci\u00f3 la p\u00e9rdida de<strong> casi la totalidad de las dosis de la vacuna Sputnik V<\/strong> que se encontraban en el Hospital de Oncolog\u00eda de Olavarr\u00eda.<\/p>\n<p>&nbsp;<\/p>\n<p>Se trata de una cifra cercana a las 400 dosis y seg\u00fan pudo saber Central de Noticias se investiga un \u201cdesv\u00edo en la cadena de frio\u201d y una \u201csucesi\u00f3n de hechos irregulares\u201d.<\/p>\n<p>&nbsp;<\/p>\n<blockquote><p>Durante la ma\u00f1ana de esta jornada, las autoridades sanitarias provinciales conocieron la situaci\u00f3n y se encuentran analizando el panorama.<\/p><\/blockquote>\n<p>&nbsp;<\/p>\n<p>En ese sentido, desde el <strong>Ministerio de Salud<\/strong> detect\u00f3 \u201c<em>un desv\u00edo en la cadena de fr\u00edo en las vacunas del Hospital Oncol\u00f3gico de Olavarr\u00eda\u201d.<\/em><\/p>\n<p>&nbsp;<\/p>\n<p>Por este motivo, el Ministerio decidi\u00f3 <strong>retirarlas y reestructurar la vacunaci\u00f3n del distrito, derivando al personal de salud que deb\u00eda recibir las vacunas a los municipios vecinos.<\/strong><\/p>\n<p>&nbsp;<\/p>\n<p>En paralelo, se inici\u00f3 un <strong>proceso sumarial para investigar lo ocurrido.<\/strong><\/p>\n<p>&nbsp;<\/p>\n<p><img data-recalc-dims=\"1\" loading=\"lazy\" decoding=\"async\" class=\"alignnone size-full wp-image-10357\" src=\"https:\/\/i0.wp.com\/cdnoticias.com\/wp-content\/uploads\/2020\/12\/vacunacion-covid-01.jpg?resize=700%2C389&#038;ssl=1\" alt=\"\" width=\"700\" height=\"389\" srcset=\"https:\/\/i0.wp.com\/cdnoticias.com\/wp-content\/uploads\/2020\/12\/vacunacion-covid-01.jpg?w=700&amp;ssl=1 700w, https:\/\/i0.wp.com\/cdnoticias.com\/wp-content\/uploads\/2020\/12\/vacunacion-covid-01.jpg?resize=300%2C167&amp;ssl=1 300w\" sizes=\"auto, (max-width: 700px) 100vw, 700px\" \/><\/p>\n<p>&nbsp;<\/p>\n<p><strong>La vacuna en Olavarr\u00eda<\/strong><\/p>\n<p>&nbsp;<\/p>\n<p>El martes 29 de diciembre en Olavarr\u00eda <a href=\"https:\/\/cdnoticias.com\/index.php\/2020\/12\/29\/covid-ya-llegaron-las-vacunas-a-olavarria\/\" target=\"_blank\" rel=\"noopener\">se recibieron las primeras <\/a><strong>450 dosis de la vacuna Sputnik V<\/strong> y la vacunaci\u00f3n comenz\u00f3 al d\u00eda siguiente, el mi\u00e9rcoles 30 de diciembre.<\/p>\n<p>&nbsp;<\/p>\n<p><a href=\"https:\/\/cdnoticias.com\/index.php\/2020\/12\/30\/comenzo-la-vacunacion-contra-el-covid-en-olavarria\/\" target=\"_blank\" rel=\"noopener\">El m\u00e9dico Mario D\u00edaz, director adjunto del Hospital de Oncolog\u00eda, fue el primero en recibir la dosis.<\/a> Justamente, en dicho centro asistencial de gesti\u00f3n provincial, se lleva a cabo el operativo de vacunaci\u00f3n.<\/p>\n<p>&nbsp;<\/p>\n","protected":false},"excerpt":{"rendered":"<p>As\u00ed fue confiado por distintas fuentes consultadas por Central de Noticias. Se inici\u00f3 un proceso sumarial para investigar lo ocurrido.<\/p>\n","protected":false},"author":5,"featured_media":10109,"comment_status":"closed","ping_status":"closed","sticky":false,"template":"","format":"standard","meta":{"_jetpack_memberships_contains_paid_content":false,"footnotes":""},"categories":[5,1],"tags":[],"class_list":["post-10604","post","type-post","status-publish","format-standard","has-post-thumbnail","hentry","category-informacion-general","category-portada"],"jetpack_featured_media_url":"https:\/\/i0.wp.com\/cdnoticias.com\/wp-content\/uploads\/2020\/12\/vacuna-covid.jpg?fit=2048%2C1536&ssl=1","jetpack_sharing_enabled":true,"_links":{"self":[{"href":"https:\/\/cdnoticias.com\/index.php\/wp-json\/wp\/v2\/posts\/10604","targetHints":{"allow":["GET"]}}],"collection":[{"href":"https:\/\/cdnoticias.com\/index.php\/wp-json\/wp\/v2\/posts"}],"about":[{"href":"https:\/\/cdnoticias.com\/index.php\/wp-json\/wp\/v2\/types\/post"}],"author":[{"embeddable":true,"href":"https:\/\/cdnoticias.com\/index.php\/wp-json\/wp\/v2\/users\/5"}],"replies":[{"embeddable":true,"href":"https:\/\/cdnoticias.com\/index.php\/wp-json\/wp\/v2\/comments?post=10604"}],"version-history":[{"count":0,"href":"https:\/\/cdnoticias.com\/index.php\/wp-json\/wp\/v2\/posts\/10604\/revisions"}],"wp:featuredmedia":[{"embeddable":true,"href":"https:\/\/cdnoticias.com\/index.php\/wp-json\/wp\/v2\/media\/10109"}],"wp:attachment":[{"href":"https:\/\/cdnoticias.com\/index.php\/wp-json\/wp\/v2\/media?parent=10604"}],"wp:term":[{"taxonomy":"category","embeddable":true,"href":"https:\/\/cdnoticias.com\/index.php\/wp-json\/wp\/v2\/categories?post=10604"},{"taxonomy":"post_tag","embeddable":true,"href":"https:\/\/cdnoticias.com\/index.php\/wp-json\/wp\/v2\/tags?post=10604"}],"curies":[{"name":"wp","href":"https:\/\/api.w.org\/{rel}","templated":true}]}}