{"id":106022,"date":"2024-01-06T10:47:45","date_gmt":"2024-01-06T13:47:45","guid":{"rendered":"https:\/\/cdnoticias.com\/?p=106022"},"modified":"2024-01-06T10:47:47","modified_gmt":"2024-01-06T13:47:47","slug":"racing-no-sera-parte-de-la-proxima-liga-federal-y-no-habra-olavarrienses","status":"publish","type":"post","link":"https:\/\/cdnoticias.com\/index.php\/2024\/01\/06\/racing-no-sera-parte-de-la-proxima-liga-federal-y-no-habra-olavarrienses\/","title":{"rendered":"Racing no ser\u00e1 parte de la pr\u00f3xima Liga Federal y no habr\u00e1 olavarrienses"},"content":{"rendered":"\n<p>Sabido era la no presencia de Estudiantes en la tercera categor\u00eda del b\u00e1squet nacional, pero en la vereda contraria, Racing trabaj\u00f3 a destajo para tratar de conseguir el presupuesto para decir presente. No pas\u00f3 y el \u201cChaira\u201d desestim\u00f3 la posibilidad de ser uno de los protagonistas.<\/p>\n\n\n\n<hr class=\"wp-block-separator aligncenter has-alpha-channel-opacity\"\/>\n\n\n\n<figure class=\"wp-block-embed is-type-wp-embed is-provider-central-de-deportes wp-block-embed-central-de-deportes\"><div class=\"wp-block-embed__wrapper\">\n<blockquote class=\"wp-embedded-content\" data-secret=\"Ia9GjvEtM3\"><a href=\"https:\/\/centraldeportes.com.ar\/finalmente-racing-no-sera-parte-de-la-proxima-liga-federal\/\">Finalmente, Racing no ser\u00e1 parte de la pr\u00f3xima Liga Federal<\/a><\/blockquote><iframe loading=\"lazy\" class=\"wp-embedded-content\" sandbox=\"allow-scripts\" security=\"restricted\" style=\"position: absolute; clip: rect(1px, 1px, 1px, 1px);\" title=\"&#8220;Finalmente, Racing no ser\u00e1 parte de la pr\u00f3xima Liga Federal&#8221; &#8212; Central de Deportes\" src=\"https:\/\/centraldeportes.com.ar\/finalmente-racing-no-sera-parte-de-la-proxima-liga-federal\/embed\/#?secret=5eQRulcBkG#?secret=Ia9GjvEtM3\" data-secret=\"Ia9GjvEtM3\" width=\"600\" height=\"338\" frameborder=\"0\" marginwidth=\"0\" marginheight=\"0\" scrolling=\"no\"><\/iframe>\n<\/div><\/figure>\n","protected":false},"excerpt":{"rendered":"<p>Sabido era la no presencia de Estudiantes en la tercera categor\u00eda del b\u00e1squet nacional, pero en la vereda contraria, Racing<\/p>\n","protected":false},"author":2,"featured_media":106023,"comment_status":"closed","ping_status":"closed","sticky":false,"template":"","format":"standard","meta":{"_jetpack_memberships_contains_paid_content":false,"footnotes":""},"categories":[5,1],"tags":[],"class_list":["post-106022","post","type-post","status-publish","format-standard","has-post-thumbnail","hentry","category-informacion-general","category-portada"],"jetpack_featured_media_url":"https:\/\/i0.wp.com\/cdnoticias.com\/wp-content\/uploads\/2024\/01\/rac-ferro-federal-6.png?fit=960%2C640&ssl=1","jetpack_sharing_enabled":true,"_links":{"self":[{"href":"https:\/\/cdnoticias.com\/index.php\/wp-json\/wp\/v2\/posts\/106022","targetHints":{"allow":["GET"]}}],"collection":[{"href":"https:\/\/cdnoticias.com\/index.php\/wp-json\/wp\/v2\/posts"}],"about":[{"href":"https:\/\/cdnoticias.com\/index.php\/wp-json\/wp\/v2\/types\/post"}],"author":[{"embeddable":true,"href":"https:\/\/cdnoticias.com\/index.php\/wp-json\/wp\/v2\/users\/2"}],"replies":[{"embeddable":true,"href":"https:\/\/cdnoticias.com\/index.php\/wp-json\/wp\/v2\/comments?post=106022"}],"version-history":[{"count":0,"href":"https:\/\/cdnoticias.com\/index.php\/wp-json\/wp\/v2\/posts\/106022\/revisions"}],"wp:featuredmedia":[{"embeddable":true,"href":"https:\/\/cdnoticias.com\/index.php\/wp-json\/wp\/v2\/media\/106023"}],"wp:attachment":[{"href":"https:\/\/cdnoticias.com\/index.php\/wp-json\/wp\/v2\/media?parent=106022"}],"wp:term":[{"taxonomy":"category","embeddable":true,"href":"https:\/\/cdnoticias.com\/index.php\/wp-json\/wp\/v2\/categories?post=106022"},{"taxonomy":"post_tag","embeddable":true,"href":"https:\/\/cdnoticias.com\/index.php\/wp-json\/wp\/v2\/tags?post=106022"}],"curies":[{"name":"wp","href":"https:\/\/api.w.org\/{rel}","templated":true}]}}