{"id":106015,"date":"2024-01-06T09:31:17","date_gmt":"2024-01-06T12:31:17","guid":{"rendered":"https:\/\/cdnoticias.com\/?p=106015"},"modified":"2024-01-06T10:43:55","modified_gmt":"2024-01-06T13:43:55","slug":"lanzaron-oficialmente-olavarria-es-cultura","status":"publish","type":"post","link":"https:\/\/cdnoticias.com\/index.php\/2024\/01\/06\/lanzaron-oficialmente-olavarria-es-cultura\/","title":{"rendered":"Lanzaron oficialmente \u201cOlavarr\u00eda es Cultura\u201d"},"content":{"rendered":"\n<p>Se desarrollar\u00e1 este fin de semana en varias sedes, con diversas actividades y disciplinas art\u00edsticas. Conoc\u00e9 el cronograma.<\/p>\n\n\n\n<hr class=\"wp-block-separator aligncenter has-alpha-channel-opacity\"\/>\n\n\n\n<p>El intendente Maximiliano <strong>Wesner lanz\u00f3 este \u00faltimo viernes el programa \u201cOlavarr\u00eda es Cultura\u201d creado desde el Municipio,<\/strong> a trav\u00e9s de la Subsecretar\u00eda de Educaci\u00f3n y Cultura, para este verano.<\/p>\n\n\n\n<blockquote class=\"wp-block-quote is-layout-flow wp-block-quote-is-layout-flow\">\n<p>Las propuestas abarcan diferentes disciplinas culturales y se estar\u00e1n desarrollando en los espacios p\u00fablicos y culturales municipales.<br><\/p>\n<\/blockquote>\n\n\n\n<p>Habr\u00e1 <strong>m\u00fasica en vivo, circo, teatro, danza y talleres que se realizar\u00e1n en las escalinatas de la Casa del Bicentenario, en el patio del Centro Cultural San Jos\u00e9, en el vered\u00f3n del Museo D\u00e1maso Arce, en el Paseo Jes\u00fas Mend\u00eda, en los Museos Municipales de los Pueblos, el Museo Municipal Hermanos Emiliozzi, y las Escuelas Municipales de Art\u00edstica.<\/strong><br><br>La actividad comenzar\u00e1 este fin de semana con la siguiente programaci\u00f3n:<\/p>\n\n\n\n<p class=\"has-large-font-size\">S\u00e1bado 6 de enero<\/p>\n\n\n\n<p>* 19:30 horas: Presentaci\u00f3n del \u201cCirco Tab\u00fa\u201d en Casa del Bicentenario.Mar y Sorsalito presenta un show de circo para toda la familia, buscando divertir y disfrutar en conjunto; porque en \u201cCirco Tabu\u201d como en la vida, la energ\u00eda positiva la contagiamos entre todos.<\/p>\n\n\n\n<p>* 20:30 horas: M\u00fasica en vivo en el Museo Municipal D\u00e1maso Arce (vered\u00f3n).Espect\u00e1culo musical a cargo de d\u00fao integrado por &#8220;Nahue y Roy&#8221; quienes realizar\u00e1n un ac\u00fastico de rock nacional.<\/p>\n\n\n\n<p class=\"has-large-font-size\">Domingo 7 de enero<\/p>\n\n\n\n<p>* 20:30 horas: M\u00fasica en vivo en el Centro Cultural San Jos\u00e9 &#8211; Se presentar\u00e1 \u201cSenseis Band\u201d integrada por: Yanela Alves en voz, Mateo Larra\u00f1aga Mega en bajo y teclado, guitarra y coros Joaquin Arrondo y Lulo Borzi en bater\u00eda y percusi\u00f3n. Interpretan temas cl\u00e1sicos internacionales.<\/p>\n\n\n\n<p><br>* 20:30 horas: Folklore y artesanos en el Paseo Jes\u00fas Mend\u00eda. Se estar\u00e1 desarrollando una propuesta integral de m\u00fasica y artesanos donde se invita a todos los amantes del folklore a que vengan a disfrutar de esta jornada. Se estar\u00e1 presentando el grupo \u201cHerederos\u201d integrado por Lucas Laurin, Augusto Striebeck, Marcos Herrera y Jeremias Vivas.<\/p>\n\n\n\n<p><\/p>\n\n\n\n<p>Ent\u00e9rate de todo el programa a trav\u00e9s de las redes: Olavarr\u00eda Municipio.<\/p>\n\n\n\n<figure class=\"wp-block-image size-large\"><img data-recalc-dims=\"1\" loading=\"lazy\" decoding=\"async\" width=\"800\" height=\"800\" src=\"https:\/\/i0.wp.com\/cdnoticias.com\/wp-content\/uploads\/2024\/01\/WhatsApp-Image-2024-01-05-at-21.51.40.jpeg?resize=800%2C800&#038;ssl=1\" alt=\"\" class=\"wp-image-106016\" srcset=\"https:\/\/i0.wp.com\/cdnoticias.com\/wp-content\/uploads\/2024\/01\/WhatsApp-Image-2024-01-05-at-21.51.40.jpeg?resize=1024%2C1024&amp;ssl=1 1024w, https:\/\/i0.wp.com\/cdnoticias.com\/wp-content\/uploads\/2024\/01\/WhatsApp-Image-2024-01-05-at-21.51.40.jpeg?resize=300%2C300&amp;ssl=1 300w, https:\/\/i0.wp.com\/cdnoticias.com\/wp-content\/uploads\/2024\/01\/WhatsApp-Image-2024-01-05-at-21.51.40.jpeg?resize=150%2C150&amp;ssl=1 150w, https:\/\/i0.wp.com\/cdnoticias.com\/wp-content\/uploads\/2024\/01\/WhatsApp-Image-2024-01-05-at-21.51.40.jpeg?resize=768%2C768&amp;ssl=1 768w, https:\/\/i0.wp.com\/cdnoticias.com\/wp-content\/uploads\/2024\/01\/WhatsApp-Image-2024-01-05-at-21.51.40.jpeg?w=1280&amp;ssl=1 1280w\" sizes=\"auto, (max-width: 800px) 100vw, 800px\" \/><\/figure>\n\n\n\n<p><\/p>\n","protected":false},"excerpt":{"rendered":"<p>Se desarrollar\u00e1 este fin de semana en varias sedes, con diversas actividades y disciplinas art\u00edsticas. Conoc\u00e9 el cronograma. El intendente<\/p>\n","protected":false},"author":2,"featured_media":91253,"comment_status":"closed","ping_status":"closed","sticky":false,"template":"","format":"standard","meta":{"_jetpack_memberships_contains_paid_content":false,"footnotes":""},"categories":[9,1],"tags":[],"class_list":["post-106015","post","type-post","status-publish","format-standard","has-post-thumbnail","hentry","category-cultura","category-portada"],"jetpack_featured_media_url":"https:\/\/i0.wp.com\/cdnoticias.com\/wp-content\/uploads\/2023\/07\/centro-cultural-san-jose-01.jpg?fit=800%2C445&ssl=1","jetpack_sharing_enabled":true,"_links":{"self":[{"href":"https:\/\/cdnoticias.com\/index.php\/wp-json\/wp\/v2\/posts\/106015","targetHints":{"allow":["GET"]}}],"collection":[{"href":"https:\/\/cdnoticias.com\/index.php\/wp-json\/wp\/v2\/posts"}],"about":[{"href":"https:\/\/cdnoticias.com\/index.php\/wp-json\/wp\/v2\/types\/post"}],"author":[{"embeddable":true,"href":"https:\/\/cdnoticias.com\/index.php\/wp-json\/wp\/v2\/users\/2"}],"replies":[{"embeddable":true,"href":"https:\/\/cdnoticias.com\/index.php\/wp-json\/wp\/v2\/comments?post=106015"}],"version-history":[{"count":0,"href":"https:\/\/cdnoticias.com\/index.php\/wp-json\/wp\/v2\/posts\/106015\/revisions"}],"wp:featuredmedia":[{"embeddable":true,"href":"https:\/\/cdnoticias.com\/index.php\/wp-json\/wp\/v2\/media\/91253"}],"wp:attachment":[{"href":"https:\/\/cdnoticias.com\/index.php\/wp-json\/wp\/v2\/media?parent=106015"}],"wp:term":[{"taxonomy":"category","embeddable":true,"href":"https:\/\/cdnoticias.com\/index.php\/wp-json\/wp\/v2\/categories?post=106015"},{"taxonomy":"post_tag","embeddable":true,"href":"https:\/\/cdnoticias.com\/index.php\/wp-json\/wp\/v2\/tags?post=106015"}],"curies":[{"name":"wp","href":"https:\/\/api.w.org\/{rel}","templated":true}]}}