{"id":106010,"date":"2024-01-05T20:02:45","date_gmt":"2024-01-05T23:02:45","guid":{"rendered":"https:\/\/cdnoticias.com\/?p=106010"},"modified":"2024-01-06T09:48:55","modified_gmt":"2024-01-06T12:48:55","slug":"apresaron-a-un-hombre-por-circular-en-una-moto-con-irregularidades-en-la-documentacion","status":"publish","type":"post","link":"https:\/\/cdnoticias.com\/index.php\/2024\/01\/05\/apresaron-a-un-hombre-por-circular-en-una-moto-con-irregularidades-en-la-documentacion\/","title":{"rendered":"Apresaron a un hombre por circular en una moto con irregularidades en la documentaci\u00f3n"},"content":{"rendered":"\n<p>Ten\u00eda el n\u00famero de chasis y motor estaban \u201cregrabados\u201d y adulterados, misma situaci\u00f3n para la patente. Secuestraron el veh\u00edculo y trasladaron al hombre a la Comisar\u00eda.<\/p>\n\n\n\n<hr class=\"wp-block-separator aligncenter has-alpha-channel-opacity\"\/>\n\n\n\n<p>Este viernes, <strong>personal de motopolic\u00eda aprehendi\u00f3 a un hombre de 36 a\u00f1os por circular en una moto con diversas irregularidades en la documentaci\u00f3n y con numeraci\u00f3n alterada.<\/strong><\/p>\n\n\n\n<p>Seg\u00fan se inform\u00f3, el hecho se produjo en el marco de un operativo de interceptaci\u00f3n vehicular en<strong> Dorrego y Moreno.<\/strong> All\u00ed, se intercept\u00f3 a un hombre a bordo de una<strong> moto Duke 390CC.<\/strong><\/p>\n\n\n\n<p>Tras cruzar los datos <strong>detectaron que no ten\u00eda impedimento legal alguno, aunque ten\u00eda adulteradas la numeraci\u00f3n tanto del motor como del chasis, con una regrabaci\u00f3n con cu\u00f1os no originales.<\/strong><\/p>\n\n\n\n<p>Adem\u00e1s, al verificar <strong>la patente, era ap\u00f3crifa al igual que la c\u00e9dula de identificaci\u00f3n vehicular.<\/strong><\/p>\n\n\n\n<p>Por todo esto, secuestraron la moto y aprehendieron al hombre, siendo trasladado a la Comisar\u00eda Primera. <strong>All\u00ed, se tomaron los recaudos legales y se notific\u00f3 de la formaci\u00f3n de causa, siendo liberado para esperar el proceso judicial en su contra.<\/strong><\/p>\n\n\n\n<p>La causa, caratulada como <strong>\u201cInfracci\u00f3n al art\u00edculo 289 y 292 del C\u00f3digo Penal\u201d y \u201cEncubrimiento\u201d<\/strong> qued\u00f3 a cargo de la UFI N\u00b010 que subroga el fiscal Iturralde.<\/p>\n","protected":false},"excerpt":{"rendered":"<p>Ten\u00eda el n\u00famero de chasis y motor estaban \u201cregrabados\u201d y adulterados, misma situaci\u00f3n para la patente. Secuestraron el veh\u00edculo y<\/p>\n","protected":false},"author":2,"featured_media":106011,"comment_status":"closed","ping_status":"closed","sticky":false,"template":"","format":"standard","meta":{"_jetpack_memberships_contains_paid_content":false,"footnotes":""},"categories":[14,1],"tags":[],"class_list":["post-106010","post","type-post","status-publish","format-standard","has-post-thumbnail","hentry","category-policiales","category-portada"],"jetpack_featured_media_url":"https:\/\/i0.wp.com\/cdnoticias.com\/wp-content\/uploads\/2024\/01\/WhatsApp-Image-2024-01-05-at-19.49.09.jpeg?fit=964%2C582&ssl=1","jetpack_sharing_enabled":true,"_links":{"self":[{"href":"https:\/\/cdnoticias.com\/index.php\/wp-json\/wp\/v2\/posts\/106010","targetHints":{"allow":["GET"]}}],"collection":[{"href":"https:\/\/cdnoticias.com\/index.php\/wp-json\/wp\/v2\/posts"}],"about":[{"href":"https:\/\/cdnoticias.com\/index.php\/wp-json\/wp\/v2\/types\/post"}],"author":[{"embeddable":true,"href":"https:\/\/cdnoticias.com\/index.php\/wp-json\/wp\/v2\/users\/2"}],"replies":[{"embeddable":true,"href":"https:\/\/cdnoticias.com\/index.php\/wp-json\/wp\/v2\/comments?post=106010"}],"version-history":[{"count":0,"href":"https:\/\/cdnoticias.com\/index.php\/wp-json\/wp\/v2\/posts\/106010\/revisions"}],"wp:featuredmedia":[{"embeddable":true,"href":"https:\/\/cdnoticias.com\/index.php\/wp-json\/wp\/v2\/media\/106011"}],"wp:attachment":[{"href":"https:\/\/cdnoticias.com\/index.php\/wp-json\/wp\/v2\/media?parent=106010"}],"wp:term":[{"taxonomy":"category","embeddable":true,"href":"https:\/\/cdnoticias.com\/index.php\/wp-json\/wp\/v2\/categories?post=106010"},{"taxonomy":"post_tag","embeddable":true,"href":"https:\/\/cdnoticias.com\/index.php\/wp-json\/wp\/v2\/tags?post=106010"}],"curies":[{"name":"wp","href":"https:\/\/api.w.org\/{rel}","templated":true}]}}