{"id":105985,"date":"2024-01-05T16:44:40","date_gmt":"2024-01-05T19:44:40","guid":{"rendered":"https:\/\/cdnoticias.com\/?p=105985"},"modified":"2024-01-07T10:01:10","modified_gmt":"2024-01-07T13:01:10","slug":"el-intendente-wesner-encabezo-el-inicio-oficial-de-las-escuelas-abiertas-de-verano","status":"publish","type":"post","link":"https:\/\/cdnoticias.com\/index.php\/2024\/01\/05\/el-intendente-wesner-encabezo-el-inicio-oficial-de-las-escuelas-abiertas-de-verano\/","title":{"rendered":"El intendente Wesner encabez\u00f3 el inicio oficial de las Escuelas Abiertas de Verano"},"content":{"rendered":"\n<p>Fue en la ma\u00f1ana de este viernes en el pilet\u00f3n del Bioparque La M\u00e1xima. En esta edici\u00f3n participan alrededor de mil ni\u00f1os y ni\u00f1as del Partido.<\/p>\n\n\n\n<hr class=\"wp-block-separator aligncenter has-alpha-channel-opacity\"\/>\n\n\n\n<p>En la ma\u00f1ana de este viernes qued\u00f3<strong> formalmente inaugurada la temporada 2024 de la Escuelas Abiertas de Verano, el Programa desarrollado de manera articulada desde la Municipalidad de Olavarr\u00eda y el Gobierno de la Provincia de Buenos Aires que brinda a cerca de mil chicos y chicas del Partido<\/strong> la posibilidad de acceder a jornadas recreativas y de pileta en distintos espejos de agua de la ciudad y las localidades.<\/p>\n\n\n\n<p>El lanzamiento se desarroll\u00f3 en pilet\u00f3n del Bioparque La M\u00e1xima, que se vio<strong> colmado de alegr\u00eda y color que le pusieron decenas de chicos y chicas provenientes de distintos barrios y programas municipales.<\/strong><\/p>\n\n\n\n<figure class=\"wp-block-image size-large\"><img data-recalc-dims=\"1\" loading=\"lazy\" decoding=\"async\" width=\"800\" height=\"532\" src=\"https:\/\/i0.wp.com\/cdnoticias.com\/wp-content\/uploads\/2024\/01\/WhatsApp-Image-2024-01-05-at-15.24.03.jpeg?resize=800%2C532&#038;ssl=1\" alt=\"\" class=\"wp-image-105989\" srcset=\"https:\/\/i0.wp.com\/cdnoticias.com\/wp-content\/uploads\/2024\/01\/WhatsApp-Image-2024-01-05-at-15.24.03.jpeg?resize=1024%2C681&amp;ssl=1 1024w, https:\/\/i0.wp.com\/cdnoticias.com\/wp-content\/uploads\/2024\/01\/WhatsApp-Image-2024-01-05-at-15.24.03.jpeg?resize=300%2C200&amp;ssl=1 300w, https:\/\/i0.wp.com\/cdnoticias.com\/wp-content\/uploads\/2024\/01\/WhatsApp-Image-2024-01-05-at-15.24.03.jpeg?resize=768%2C511&amp;ssl=1 768w, https:\/\/i0.wp.com\/cdnoticias.com\/wp-content\/uploads\/2024\/01\/WhatsApp-Image-2024-01-05-at-15.24.03.jpeg?resize=272%2C182&amp;ssl=1 272w, https:\/\/i0.wp.com\/cdnoticias.com\/wp-content\/uploads\/2024\/01\/WhatsApp-Image-2024-01-05-at-15.24.03.jpeg?w=1400&amp;ssl=1 1400w\" sizes=\"auto, (max-width: 800px) 100vw, 800px\" \/><\/figure>\n\n\n\n<p><strong>El acto fue encabezado por el intendente municipal Maximiliano Wesner<\/strong>, quien estuvo acompa\u00f1ado por el secretario de Desarrollo de la Comunidad Cristian Delpiani y el subsecretario de Deportes Juan Pablo Arouxet. Adem\u00e1s, estuvieron referentes del \u00e1mbito educativo, liderados por la inspectora jefa regional Marta Casanella, el inspector Jefe Distrital Julio Ben\u00edtez y el presidente del Consejo Escolar Ariel Rodr\u00edguez.<\/p>\n\n\n\n<p>Al tomar la palabra el intendente municipal Maximiliano Wesner salud\u00f3 a<em> \u201clos protagonistas, a tantos pibes y pibas que est\u00e1n sentados en el borde este hermoso espejo de agua\u201d<\/em> y luego pidi\u00f3 el aplauso para los profesores que encabezan cada jornada<em>. \u201cEl agradecimiento a toda la comunidad educativa por poder trabajar de manera coordinada, a Regi\u00f3n Sanitaria IX, a la Subsecretar\u00eda de Cultura, a la Subsecretar\u00eda de Deportes, a la Secretar\u00eda de Desarrollo de la Comunidad. La verdad que poder reencontrarnos en este verano es un placer, pero tambi\u00e9n es un compromiso y es el compromiso que asumimos el d\u00eda posterior a la elecci\u00f3n el 22 de octubre. El d\u00eda lunes 23 de octubre con Juan Pablo empezamos a trabajar para poder garantizar esta actividad\u201d<\/em>, a\u00f1adi\u00f3.}<\/p>\n\n\n\n<figure class=\"wp-block-image size-large\"><img data-recalc-dims=\"1\" loading=\"lazy\" decoding=\"async\" width=\"800\" height=\"532\" src=\"https:\/\/i0.wp.com\/cdnoticias.com\/wp-content\/uploads\/2024\/01\/WhatsApp-Image-2024-01-05-at-15.24.01.jpeg?resize=800%2C532&#038;ssl=1\" alt=\"\" class=\"wp-image-105990\" srcset=\"https:\/\/i0.wp.com\/cdnoticias.com\/wp-content\/uploads\/2024\/01\/WhatsApp-Image-2024-01-05-at-15.24.01.jpeg?resize=1024%2C681&amp;ssl=1 1024w, https:\/\/i0.wp.com\/cdnoticias.com\/wp-content\/uploads\/2024\/01\/WhatsApp-Image-2024-01-05-at-15.24.01.jpeg?resize=300%2C200&amp;ssl=1 300w, https:\/\/i0.wp.com\/cdnoticias.com\/wp-content\/uploads\/2024\/01\/WhatsApp-Image-2024-01-05-at-15.24.01.jpeg?resize=768%2C511&amp;ssl=1 768w, https:\/\/i0.wp.com\/cdnoticias.com\/wp-content\/uploads\/2024\/01\/WhatsApp-Image-2024-01-05-at-15.24.01.jpeg?resize=272%2C182&amp;ssl=1 272w, https:\/\/i0.wp.com\/cdnoticias.com\/wp-content\/uploads\/2024\/01\/WhatsApp-Image-2024-01-05-at-15.24.01.jpeg?w=1400&amp;ssl=1 1400w\" sizes=\"auto, (max-width: 800px) 100vw, 800px\" \/><\/figure>\n\n\n\n<p><em>\u201cEs importante la recreaci\u00f3n, es importante el deporte, es importante que puedan venir, nadar, disfrutar, compartir con amigos, con amigas, pero tambi\u00e9n es importante el acompa\u00f1amiento de sus familias<strong>. Esto excede el l\u00edmite de este espejo de agua, esto es el encuentro de la familia. <\/strong>Es deporte acu\u00e1tico, pero tambi\u00e9n es la recreaci\u00f3n de tantos de ustedes que van a pasar un verano cuidado, van a pasar un verano de acompa\u00f1amiento de nuestros profesores. Sinceramente soy un agradecido de poder compartir este momento, pero tambi\u00e9n es mi compromiso y fue mi compromiso garantizar esta actividad como una de las principales actividades del verano, as\u00ed que los abrazo fuerte y les deseo una excelente temporada\u201d<\/em>, concluy\u00f3.<\/p>\n\n\n\n<figure class=\"wp-block-image size-large\"><img data-recalc-dims=\"1\" loading=\"lazy\" decoding=\"async\" width=\"800\" height=\"532\" src=\"https:\/\/i0.wp.com\/cdnoticias.com\/wp-content\/uploads\/2024\/01\/WhatsApp-Image-2024-01-05-at-15.24.04.jpeg?resize=800%2C532&#038;ssl=1\" alt=\"\" class=\"wp-image-105988\" srcset=\"https:\/\/i0.wp.com\/cdnoticias.com\/wp-content\/uploads\/2024\/01\/WhatsApp-Image-2024-01-05-at-15.24.04.jpeg?resize=1024%2C681&amp;ssl=1 1024w, https:\/\/i0.wp.com\/cdnoticias.com\/wp-content\/uploads\/2024\/01\/WhatsApp-Image-2024-01-05-at-15.24.04.jpeg?resize=300%2C200&amp;ssl=1 300w, https:\/\/i0.wp.com\/cdnoticias.com\/wp-content\/uploads\/2024\/01\/WhatsApp-Image-2024-01-05-at-15.24.04.jpeg?resize=768%2C511&amp;ssl=1 768w, https:\/\/i0.wp.com\/cdnoticias.com\/wp-content\/uploads\/2024\/01\/WhatsApp-Image-2024-01-05-at-15.24.04.jpeg?resize=272%2C182&amp;ssl=1 272w, https:\/\/i0.wp.com\/cdnoticias.com\/wp-content\/uploads\/2024\/01\/WhatsApp-Image-2024-01-05-at-15.24.04.jpeg?w=1400&amp;ssl=1 1400w\" sizes=\"auto, (max-width: 800px) 100vw, 800px\" \/><\/figure>\n\n\n\n<figure class=\"wp-block-image size-large\"><img data-recalc-dims=\"1\" loading=\"lazy\" decoding=\"async\" width=\"800\" height=\"532\" src=\"https:\/\/i0.wp.com\/cdnoticias.com\/wp-content\/uploads\/2024\/01\/WhatsApp-Image-2024-01-05-at-15.24.04-1.jpeg?resize=800%2C532&#038;ssl=1\" alt=\"\" class=\"wp-image-105987\" srcset=\"https:\/\/i0.wp.com\/cdnoticias.com\/wp-content\/uploads\/2024\/01\/WhatsApp-Image-2024-01-05-at-15.24.04-1.jpeg?resize=1024%2C681&amp;ssl=1 1024w, https:\/\/i0.wp.com\/cdnoticias.com\/wp-content\/uploads\/2024\/01\/WhatsApp-Image-2024-01-05-at-15.24.04-1.jpeg?resize=300%2C200&amp;ssl=1 300w, https:\/\/i0.wp.com\/cdnoticias.com\/wp-content\/uploads\/2024\/01\/WhatsApp-Image-2024-01-05-at-15.24.04-1.jpeg?resize=768%2C511&amp;ssl=1 768w, https:\/\/i0.wp.com\/cdnoticias.com\/wp-content\/uploads\/2024\/01\/WhatsApp-Image-2024-01-05-at-15.24.04-1.jpeg?resize=272%2C182&amp;ssl=1 272w, https:\/\/i0.wp.com\/cdnoticias.com\/wp-content\/uploads\/2024\/01\/WhatsApp-Image-2024-01-05-at-15.24.04-1.jpeg?w=1400&amp;ssl=1 1400w\" sizes=\"auto, (max-width: 800px) 100vw, 800px\" \/><\/figure>\n\n\n\n<p>Juan Pablo Arouxet, por su parte, enfatiz\u00f3 que<em> \u201cdesde la Subsecretar\u00eda de Deportes queremos decirles y contarles que tenemos la alegr\u00eda de haber aumentado la cantidad de ni\u00f1os y ni\u00f1as que participan de este programa Escuelas Abiertas de Verano, que el Municipio conjuntamente con la Provincia de Buenos Aires lleva adelante\u201d. <\/em><strong><em>\u201cEsto no tiene que ver con el trabajo de una persona, esto tiene que ver con el trabajo de muchas personas que piensan las actividades, que piensan en qu\u00e9 lugares van a estar m\u00e1s seguros y cuidados, y que despu\u00e9s lo ejecutan, que son los profesores de educaci\u00f3n f\u00edsica y los docentes de m\u00e1s \u00e1reas\u201d<\/em>,<\/strong> complet\u00f3.<\/p>\n\n\n\n<p>El Programa Escuela Abiertas de Verano <strong>tiene actividad tambi\u00e9n en las piletas de la quinta La Tradici\u00f3n, el Club Racing, Pueblo Nuevo y espejos de agua de las localidades, lo que se traduce tambi\u00e9n en un despliegue de m\u00e1s de una quincena de micros para garantizar que todos los chicos y chicas puedan arribar a cada uno de esos espacios.<\/strong><\/p>\n","protected":false},"excerpt":{"rendered":"<p>Fue en la ma\u00f1ana de este viernes en el pilet\u00f3n del Bioparque La M\u00e1xima. En esta edici\u00f3n participan alrededor de<\/p>\n","protected":false},"author":2,"featured_media":105986,"comment_status":"closed","ping_status":"closed","sticky":false,"template":"","format":"standard","meta":{"_jetpack_memberships_contains_paid_content":false,"footnotes":""},"categories":[5,1],"tags":[],"class_list":["post-105985","post","type-post","status-publish","format-standard","has-post-thumbnail","hentry","category-informacion-general","category-portada"],"jetpack_featured_media_url":"https:\/\/i0.wp.com\/cdnoticias.com\/wp-content\/uploads\/2024\/01\/WhatsApp-Image-2024-01-05-at-15.24.05.jpeg?fit=1400%2C931&ssl=1","jetpack_sharing_enabled":true,"_links":{"self":[{"href":"https:\/\/cdnoticias.com\/index.php\/wp-json\/wp\/v2\/posts\/105985","targetHints":{"allow":["GET"]}}],"collection":[{"href":"https:\/\/cdnoticias.com\/index.php\/wp-json\/wp\/v2\/posts"}],"about":[{"href":"https:\/\/cdnoticias.com\/index.php\/wp-json\/wp\/v2\/types\/post"}],"author":[{"embeddable":true,"href":"https:\/\/cdnoticias.com\/index.php\/wp-json\/wp\/v2\/users\/2"}],"replies":[{"embeddable":true,"href":"https:\/\/cdnoticias.com\/index.php\/wp-json\/wp\/v2\/comments?post=105985"}],"version-history":[{"count":0,"href":"https:\/\/cdnoticias.com\/index.php\/wp-json\/wp\/v2\/posts\/105985\/revisions"}],"wp:featuredmedia":[{"embeddable":true,"href":"https:\/\/cdnoticias.com\/index.php\/wp-json\/wp\/v2\/media\/105986"}],"wp:attachment":[{"href":"https:\/\/cdnoticias.com\/index.php\/wp-json\/wp\/v2\/media?parent=105985"}],"wp:term":[{"taxonomy":"category","embeddable":true,"href":"https:\/\/cdnoticias.com\/index.php\/wp-json\/wp\/v2\/categories?post=105985"},{"taxonomy":"post_tag","embeddable":true,"href":"https:\/\/cdnoticias.com\/index.php\/wp-json\/wp\/v2\/tags?post=105985"}],"curies":[{"name":"wp","href":"https:\/\/api.w.org\/{rel}","templated":true}]}}