{"id":105978,"date":"2024-01-05T16:02:19","date_gmt":"2024-01-05T19:02:19","guid":{"rendered":"https:\/\/cdnoticias.com\/?p=105978"},"modified":"2024-01-05T16:02:21","modified_gmt":"2024-01-05T19:02:21","slug":"entre-sierras-y-llanura-nuevo-lanzamiento-de-editorial-del-altillo","status":"publish","type":"post","link":"https:\/\/cdnoticias.com\/index.php\/2024\/01\/05\/entre-sierras-y-llanura-nuevo-lanzamiento-de-editorial-del-altillo\/","title":{"rendered":"\u201cEntre sierras y llanura\u201d: nuevo lanzamiento de editorial del altillo"},"content":{"rendered":"<p>Es el libro de Patricia Timo Lagrange que sumerge en las historias cotidianas de las comunidades de Barker y Villa Cacique.<\/p>\n<p><!--more--><\/p>\n<hr \/>\n<p><strong>&#8220;Entre sierras y llanura&#8221; de Patricia Timo Lagrange es el libro que editorial delaltillo acaba de lanzar.<\/strong> Una obra que sumerge en las historias cotidianas de las comunidades de<strong> Barker y Villa Cacique<\/strong>. Perteneciente a la colecci\u00f3n Serendipia, el libro contiene actas escritas, bibliograf\u00eda y testimonios orales impregnados de emoci\u00f3n, con los que la autora nos invita a explorar <strong>c\u00f3mo se han construido las identidades<\/strong>.<\/p>\n<p>Timo expresa en su pr\u00f3logo que<strong> &#8220;estamos hechos de historias que contin\u00faan&#8221;<\/strong>. Por eso \u201cEntre Sierras y Llanura\u201d, que se suma al cat\u00e1logo de m\u00e1s de veinte t\u00edtulos y autores de delaltillo, es una gran oportunidad para conocer y emocionarse con<strong> las peque\u00f1as historias que nos rodean.<\/strong><\/p>\n<p>La obra estar\u00e1 disponible en los pr\u00f3ximos d\u00edas en los siguientes puntos de venta: Librer\u00eda Mafalda (Barker), Alfa Librer\u00eda (Tandil), Librer\u00eda Eureka (Benito Ju\u00e1rez), El Faro (Olavarr\u00eda), Librer\u00eda Lillah (Mar del Plata) y Editorial Vuelta a casa (La Plata).<\/p>\n","protected":false},"excerpt":{"rendered":"<p>Es el libro de Patricia Timo Lagrange que sumerge en las historias cotidianas de las comunidades de Barker y Villa<\/p>\n","protected":false},"author":4,"featured_media":105979,"comment_status":"closed","ping_status":"closed","sticky":false,"template":"","format":"standard","meta":{"_jetpack_memberships_contains_paid_content":false,"footnotes":""},"categories":[9,1],"tags":[],"class_list":["post-105978","post","type-post","status-publish","format-standard","has-post-thumbnail","hentry","category-cultura","category-portada"],"jetpack_featured_media_url":"https:\/\/i0.wp.com\/cdnoticias.com\/wp-content\/uploads\/2024\/01\/Patricia-Timo-del-altillo.jpg?fit=800%2C445&ssl=1","jetpack_sharing_enabled":true,"_links":{"self":[{"href":"https:\/\/cdnoticias.com\/index.php\/wp-json\/wp\/v2\/posts\/105978","targetHints":{"allow":["GET"]}}],"collection":[{"href":"https:\/\/cdnoticias.com\/index.php\/wp-json\/wp\/v2\/posts"}],"about":[{"href":"https:\/\/cdnoticias.com\/index.php\/wp-json\/wp\/v2\/types\/post"}],"author":[{"embeddable":true,"href":"https:\/\/cdnoticias.com\/index.php\/wp-json\/wp\/v2\/users\/4"}],"replies":[{"embeddable":true,"href":"https:\/\/cdnoticias.com\/index.php\/wp-json\/wp\/v2\/comments?post=105978"}],"version-history":[{"count":0,"href":"https:\/\/cdnoticias.com\/index.php\/wp-json\/wp\/v2\/posts\/105978\/revisions"}],"wp:featuredmedia":[{"embeddable":true,"href":"https:\/\/cdnoticias.com\/index.php\/wp-json\/wp\/v2\/media\/105979"}],"wp:attachment":[{"href":"https:\/\/cdnoticias.com\/index.php\/wp-json\/wp\/v2\/media?parent=105978"}],"wp:term":[{"taxonomy":"category","embeddable":true,"href":"https:\/\/cdnoticias.com\/index.php\/wp-json\/wp\/v2\/categories?post=105978"},{"taxonomy":"post_tag","embeddable":true,"href":"https:\/\/cdnoticias.com\/index.php\/wp-json\/wp\/v2\/tags?post=105978"}],"curies":[{"name":"wp","href":"https:\/\/api.w.org\/{rel}","templated":true}]}}