{"id":105971,"date":"2024-01-05T17:45:46","date_gmt":"2024-01-05T20:45:46","guid":{"rendered":"https:\/\/cdnoticias.com\/?p=105971"},"modified":"2024-01-05T17:45:47","modified_gmt":"2024-01-05T20:45:47","slug":"comenzo-el-ciclo-de-escuelas-abiertas-de-verano-2024-en-las-carceles-bonaerenses","status":"publish","type":"post","link":"https:\/\/cdnoticias.com\/index.php\/2024\/01\/05\/comenzo-el-ciclo-de-escuelas-abiertas-de-verano-2024-en-las-carceles-bonaerenses\/","title":{"rendered":"Comenz\u00f3 el ciclo de Escuelas Abiertas de Verano 2024 en las c\u00e1rceles bonaerenses"},"content":{"rendered":"<p>Durar\u00e1n todo el mes de enero e incluyen propuestas como \u201cEducaci\u00f3n F\u00edsica\u201d, \u201cEscritura Creativa y Terap\u00e9utica\u201d y \u201cEl Teatro y la M\u00e1scara\u201d.<\/p>\n<p><!--more--><\/p>\n<hr \/>\n<p><strong>En el marco de las actividades educativas que se desarrollan en las c\u00e1rceles bonaerenses<\/strong>, comenz\u00f3 esta semana el <strong>Programa Escuelas Abiertas de Verano 2024<\/strong>. Esta temporada los internos podr\u00e1n participar en <strong>pr\u00e1cticas ludomotrices, deportivas, gimn\u00e1sticas y propuestas art\u00edsticas multidisciplinarias<\/strong>.<\/p>\n<p>Las Escuelas de Verano funcionar\u00e1n <strong>en todas las dependencias penitenciarias de la provincia de Buenos Aires<\/strong> los lunes, mi\u00e9rcoles y viernes en dos turnos de 4 horas diarias, extendi\u00e9ndose durante todo el mes de enero.<\/p>\n<p>Seg\u00fan informaron desde el Servicio Penitenciario Bonaerense (SPB), se trata de una propuesta de la<strong> Direcci\u00f3n General de Cultura y Educaci\u00f3n<\/strong> en coordinaci\u00f3n con el <strong>Ministerio de Justicia y Derechos Humanos de la Provincia<\/strong>.<\/p>\n<blockquote><p>En cada dependencia se presentar\u00e1n docentes y desarrollar\u00e1n las clases con el apoyo de los coordinadores educativos, personal penitenciario \u201cdedicado a estimular y motivar a las personas privadas de libertad a transitar capacitaciones y fomentar el desarrollo personal\u201d.<\/p><\/blockquote>\n<h2>Cursos y talleres<\/h2>\n<p>La propuesta se articul\u00f3 con las \u00e1reas educativas del Ministerio de Justicia y Derechos Humanos y del Servicio Penitenciario Bonaerense (SPB) con las especificaciones para aplicar el Programa en contexto de encierro en el receso de verano.<\/p>\n<p>Entre los <strong>cursos que se ofrecen<\/strong> en las instalaciones de las <strong>escuelas Primarias y Secundarias<\/strong> que funcionan en las Unidades Penitenciarias figuran <em>\u201cSerigraf\u00eda hecha en casa\u201d, \u201cVida saludable y activa\u201d, \u201cCreart\u201d (creaciones art\u00edsticas), \u201cMacram\u00e9\u201d, \u201cEducaci\u00f3n F\u00edsica\u201d, \u201cEscritura Creativa y Terap\u00e9utica\u201d, \u201cEl Teatro y la M\u00e1scara\u201d, \u201cEstrategias de Ventas\u201d y \u201cDecoraci\u00f3n con Piedras\u201d<\/em>, entre otros.<\/p>\n<p>Fuente: <em>Agencia DIB<\/em><\/p>\n","protected":false},"excerpt":{"rendered":"<p>Durar\u00e1n todo el mes de enero e incluyen propuestas como \u201cEducaci\u00f3n F\u00edsica\u201d, \u201cEscritura Creativa y Terap\u00e9utica\u201d y \u201cEl Teatro y<\/p>\n","protected":false},"author":4,"featured_media":105972,"comment_status":"closed","ping_status":"closed","sticky":false,"template":"","format":"standard","meta":{"_jetpack_memberships_contains_paid_content":false,"footnotes":""},"categories":[6],"tags":[],"class_list":["post-105971","post","type-post","status-publish","format-standard","has-post-thumbnail","hentry","category-nacionales"],"jetpack_featured_media_url":"https:\/\/i0.wp.com\/cdnoticias.com\/wp-content\/uploads\/2024\/01\/Escuela-de-verano-servicio-penitenciario-bonaerense.jpeg?fit=696%2C522&ssl=1","jetpack_sharing_enabled":true,"_links":{"self":[{"href":"https:\/\/cdnoticias.com\/index.php\/wp-json\/wp\/v2\/posts\/105971","targetHints":{"allow":["GET"]}}],"collection":[{"href":"https:\/\/cdnoticias.com\/index.php\/wp-json\/wp\/v2\/posts"}],"about":[{"href":"https:\/\/cdnoticias.com\/index.php\/wp-json\/wp\/v2\/types\/post"}],"author":[{"embeddable":true,"href":"https:\/\/cdnoticias.com\/index.php\/wp-json\/wp\/v2\/users\/4"}],"replies":[{"embeddable":true,"href":"https:\/\/cdnoticias.com\/index.php\/wp-json\/wp\/v2\/comments?post=105971"}],"version-history":[{"count":0,"href":"https:\/\/cdnoticias.com\/index.php\/wp-json\/wp\/v2\/posts\/105971\/revisions"}],"wp:featuredmedia":[{"embeddable":true,"href":"https:\/\/cdnoticias.com\/index.php\/wp-json\/wp\/v2\/media\/105972"}],"wp:attachment":[{"href":"https:\/\/cdnoticias.com\/index.php\/wp-json\/wp\/v2\/media?parent=105971"}],"wp:term":[{"taxonomy":"category","embeddable":true,"href":"https:\/\/cdnoticias.com\/index.php\/wp-json\/wp\/v2\/categories?post=105971"},{"taxonomy":"post_tag","embeddable":true,"href":"https:\/\/cdnoticias.com\/index.php\/wp-json\/wp\/v2\/tags?post=105971"}],"curies":[{"name":"wp","href":"https:\/\/api.w.org\/{rel}","templated":true}]}}