{"id":105968,"date":"2024-01-05T11:24:45","date_gmt":"2024-01-05T14:24:45","guid":{"rendered":"https:\/\/cdnoticias.com\/?p=105968"},"modified":"2024-01-05T19:12:09","modified_gmt":"2024-01-05T22:12:09","slug":"el-alerta-por-tormenta-se-adelanto-para-la-tarde-en-olavarria","status":"publish","type":"post","link":"https:\/\/cdnoticias.com\/index.php\/2024\/01\/05\/el-alerta-por-tormenta-se-adelanto-para-la-tarde-en-olavarria\/","title":{"rendered":"El alerta por tormenta se adelant\u00f3 para la tarde en Olavarr\u00eda"},"content":{"rendered":"<p>El Servicio Meteorol\u00f3gico Nacional actualiz\u00f3 el alerta de nivel amarillo: es para la tarde y la noche. Se estiman valores de precipitaci\u00f3n acumulada de entre 20 y 50 mm.<!--more--><\/p>\n<hr \/>\n<p><a href=\"https:\/\/cdnoticias.com\/index.php\/2024\/01\/04\/actualizaron-la-alerta-amarilla-para-olavarria-en-la-noche-de-este-jueves\/\" target=\"_blank\" rel=\"noopener\">Este jueves se hab\u00eda adelantado la emisi\u00f3n del alerta meteorol\u00f3gico<\/a> para gran parte de la provincia de Buenos Aires con extensi\u00f3n para el viernes: <strong>en las \u00faltimas horas se actualiz\u00f3 y ampli\u00f3 la advertencia por tormenta del Servicio Meteorol\u00f3gico Nacional.<\/strong><\/p>\n<p>&nbsp;<\/p>\n<p>Para <strong>Olavarr\u00eda, Laprida y La Madrid<\/strong> el<strong> alerta por tormenta<\/strong> se mantiene en <strong>nivel amarillo<\/strong> para la <strong>tarde y noche de este viernes.<\/strong><\/p>\n<p>&nbsp;<\/p>\n<blockquote><p>\u201cEl \u00e1rea ser\u00e1 afectada por tormentas, algunas localmente fuertes. Las mismas estar\u00e1n acompa\u00f1adas por r\u00e1fagas intensas, fuerte actividad el\u00e9ctrica, ocasional ca\u00edda de granizo y abundante ca\u00edda de agua en cortos per\u00edodos. Se estiman valores de precipitaci\u00f3n acumulada entre 20 y 50 mm, pudiendo ser superados en forma puntual\u201d detall\u00f3 el organismo nacional.<\/p><\/blockquote>\n<p>&nbsp;<\/p>\n<blockquote class=\"twitter-tweet\">\n<p lang=\"es\" dir=\"ltr\">\u26a0 SAT | ALERTAS <a href=\"https:\/\/twitter.com\/hashtag\/SiHayAlertaEstateAlerta?src=hash&amp;ref_src=twsrc%5Etfw\">#SiHayAlertaEstateAlerta<\/a><br \/>Informaci\u00f3n actualizada el 05 de enero de 2024 a las 06:17 h<br \/>\ud83d\udc49M\u00e1s detalles en <a href=\"https:\/\/t.co\/AgvDHAWzAt\">https:\/\/t.co\/AgvDHAWzAt<\/a> <a href=\"https:\/\/t.co\/1gO1ENkouk\">pic.twitter.com\/1gO1ENkouk<\/a><\/p>\n<p>&mdash; SMN Alertas (@SMN_Alertas) <a href=\"https:\/\/twitter.com\/SMN_Alertas\/status\/1743207692754145774?ref_src=twsrc%5Etfw\">January 5, 2024<\/a><\/p><\/blockquote>\n<p> <script async src=\"https:\/\/platform.twitter.com\/widgets.js\" charset=\"utf-8\"><\/script><\/p>\n<p>&nbsp;<\/p>\n<p><a href=\"https:\/\/cdnoticias.com\/index.php\/2024\/01\/04\/alerta-amarillo-por-tormenta-para-olavarria-este-viernes\/\" target=\"_blank\" rel=\"noopener\">Tal como se hab\u00eda informado<\/a>, las alertas de nivel naranja y amarillo cubren parcialmente a las <em>provincias de Buenos Aires, La Pampa, C\u00f3rdoba, San Luis y Mendoza, -por tormenta- <\/em>y se sumaron regiones de <em>Chubut y R\u00edo Negro <\/em>-por lluvia-<em>.<\/em><\/p>\n<p>&nbsp;<\/p>\n<p>En el caso el territorio bonaerense, <strong>la regi\u00f3n sur, centro y oeste quedan incluidas en la advertencia por tormenta<\/strong> que abarcan desde la tarde de este viernes hasta la noche del s\u00e1bado.<\/p>\n<p>&nbsp;<\/p>\n<blockquote class=\"wp-embedded-content\" data-secret=\"8p09Bkk189\"><p><a href=\"https:\/\/cdnoticias.com\/index.php\/2024\/01\/04\/el-servicio-electrico-de-cara-al-alerta-de-este-viernes-el-sistema-esta-danado\/\">El servicio el\u00e9ctrico de cara al alerta de este viernes: \u201cel sistema est\u00e1 da\u00f1ado\u201d<\/a><\/p><\/blockquote>\n<p><iframe loading=\"lazy\" class=\"wp-embedded-content\" sandbox=\"allow-scripts\" security=\"restricted\" style=\"position: absolute; clip: rect(1px, 1px, 1px, 1px);\" title=\"&#8220;El servicio el\u00e9ctrico de cara al alerta de este viernes: \u201cel sistema est\u00e1 da\u00f1ado\u201d&#8221; &#8212; Central de Noticias | Olavarr\u00eda\" src=\"https:\/\/cdnoticias.com\/index.php\/2024\/01\/04\/el-servicio-electrico-de-cara-al-alerta-de-este-viernes-el-sistema-esta-danado\/embed\/#?secret=g19ybPjgY0#?secret=8p09Bkk189\" data-secret=\"8p09Bkk189\" width=\"600\" height=\"338\" frameborder=\"0\" marginwidth=\"0\" marginheight=\"0\" scrolling=\"no\"><\/iframe><\/p>\n","protected":false},"excerpt":{"rendered":"<p>El Servicio Meteorol\u00f3gico Nacional actualiz\u00f3 el alerta de nivel amarillo: es para la tarde y la noche. Se estiman valores<\/p>\n","protected":false},"author":4,"featured_media":105969,"comment_status":"closed","ping_status":"closed","sticky":false,"template":"","format":"standard","meta":{"_jetpack_memberships_contains_paid_content":false,"footnotes":""},"categories":[5,1],"tags":[],"class_list":["post-105968","post","type-post","status-publish","format-standard","has-post-thumbnail","hentry","category-informacion-general","category-portada"],"jetpack_featured_media_url":"https:\/\/i0.wp.com\/cdnoticias.com\/wp-content\/uploads\/2024\/01\/alerta-por-tormenta-5-de-enero.jpg?fit=800%2C445&ssl=1","jetpack_sharing_enabled":true,"_links":{"self":[{"href":"https:\/\/cdnoticias.com\/index.php\/wp-json\/wp\/v2\/posts\/105968","targetHints":{"allow":["GET"]}}],"collection":[{"href":"https:\/\/cdnoticias.com\/index.php\/wp-json\/wp\/v2\/posts"}],"about":[{"href":"https:\/\/cdnoticias.com\/index.php\/wp-json\/wp\/v2\/types\/post"}],"author":[{"embeddable":true,"href":"https:\/\/cdnoticias.com\/index.php\/wp-json\/wp\/v2\/users\/4"}],"replies":[{"embeddable":true,"href":"https:\/\/cdnoticias.com\/index.php\/wp-json\/wp\/v2\/comments?post=105968"}],"version-history":[{"count":0,"href":"https:\/\/cdnoticias.com\/index.php\/wp-json\/wp\/v2\/posts\/105968\/revisions"}],"wp:featuredmedia":[{"embeddable":true,"href":"https:\/\/cdnoticias.com\/index.php\/wp-json\/wp\/v2\/media\/105969"}],"wp:attachment":[{"href":"https:\/\/cdnoticias.com\/index.php\/wp-json\/wp\/v2\/media?parent=105968"}],"wp:term":[{"taxonomy":"category","embeddable":true,"href":"https:\/\/cdnoticias.com\/index.php\/wp-json\/wp\/v2\/categories?post=105968"},{"taxonomy":"post_tag","embeddable":true,"href":"https:\/\/cdnoticias.com\/index.php\/wp-json\/wp\/v2\/tags?post=105968"}],"curies":[{"name":"wp","href":"https:\/\/api.w.org\/{rel}","templated":true}]}}