{"id":105964,"date":"2024-01-05T10:34:24","date_gmt":"2024-01-05T13:34:24","guid":{"rendered":"https:\/\/cdnoticias.com\/?p=105964"},"modified":"2024-01-07T10:01:00","modified_gmt":"2024-01-07T13:01:00","slug":"mayores-contribuyentes-aprobaron-el-incremento-de-tasa-de-seguridad-e-higiene-en-tres-sectores","status":"publish","type":"post","link":"https:\/\/cdnoticias.com\/index.php\/2024\/01\/05\/mayores-contribuyentes-aprobaron-el-incremento-de-tasa-de-seguridad-e-higiene-en-tres-sectores\/","title":{"rendered":"Mayores Contribuyentes: aprobaron el incremento de tasa de seguridad e higiene en tres sectores"},"content":{"rendered":"\n<p>Ser\u00e1 del 35% a la banca minorista, 50% a elaboraci\u00f3n de cemento y 20% a la venta por menor en grandes superficies. Hubo cr\u00edticas por la contraprestaci\u00f3n del servicio: Ahora Olavarr\u00eda vot\u00f3 en contra.<\/p>\n\n\n\n<hr class=\"wp-block-separator aligncenter has-alpha-channel-opacity\"\/>\n\n\n\n<p>Este viernes, <strong>la Asamblea de Concejales y Mayores Contribuyentes aprob\u00f3 por mayor\u00eda la suba en la al\u00edcuota de la Tasa de Seguridad e Higiene<\/strong> en tres sectores de la ciudad: <strong>bancos, cementeras y supermercados.<\/strong><\/p>\n\n\n&nbsp;\n\n\n<p>Con la presencia de <strong>36 concejales y mayores contribuyentes<\/strong> (hubo ausencia de una concejal y tres mayores contribuyentes) hubo tambi\u00e9n <strong>cruces por la contraprestaci\u00f3n del servicio<\/strong>, la aclaraci\u00f3n y las \u201capreciaciones personales por sobre el dato objetivo\u201d tal como catalog\u00f3 <strong>Federico Aguilera (Uni\u00f3n por la Patria) <\/strong>a la postura de <strong>Celeste Arouxet (Ahora Olavarr\u00eda) <\/strong>cuyo bloque vot\u00f3 en contra.<\/p>\n\n\n&nbsp;\n\n\n<blockquote class=\"wp-block-quote is-layout-flow wp-block-quote-is-layout-flow\">\n<p>Justamente, el presidente de la banca de Uni\u00f3n por la Patria explic\u00f3 c\u00f3mo son las subas. \u201cLos servicios de la banca minorista tendr\u00e1n un incremento del 35%, del 30.7 al 41.45, la elaboraci\u00f3n de cemento un incremento del 50%, del 4.8 al 7.20 y la venta por menor de grandes superficies tiene una suba del 20%: la al\u00edcuota pasa del 10 al 12\u201d.<\/p>\n<\/blockquote>\n\n\n&nbsp;\n\n\n<figure class=\"wp-block-image size-large\"><img data-recalc-dims=\"1\" loading=\"lazy\" decoding=\"async\" width=\"800\" height=\"445\" src=\"https:\/\/i0.wp.com\/cdnoticias.com\/wp-content\/uploads\/2024\/01\/HCD-sesion-05-01-a.jpg?resize=800%2C445&#038;ssl=1\" alt=\"\" class=\"wp-image-105950\" srcset=\"https:\/\/i0.wp.com\/cdnoticias.com\/wp-content\/uploads\/2024\/01\/HCD-sesion-05-01-a.jpg?resize=1024%2C569&amp;ssl=1 1024w, https:\/\/i0.wp.com\/cdnoticias.com\/wp-content\/uploads\/2024\/01\/HCD-sesion-05-01-a.jpg?resize=300%2C167&amp;ssl=1 300w, https:\/\/i0.wp.com\/cdnoticias.com\/wp-content\/uploads\/2024\/01\/HCD-sesion-05-01-a.jpg?resize=768%2C427&amp;ssl=1 768w, https:\/\/i0.wp.com\/cdnoticias.com\/wp-content\/uploads\/2024\/01\/HCD-sesion-05-01-a.jpg?resize=800%2C445&amp;ssl=1 800w, https:\/\/i0.wp.com\/cdnoticias.com\/wp-content\/uploads\/2024\/01\/HCD-sesion-05-01-a.jpg?w=1200&amp;ssl=1 1200w\" sizes=\"auto, (max-width: 800px) 100vw, 800px\" \/><\/figure>\n\n\n&nbsp;\n\n\n<figure class=\"wp-block-image size-large\"><img data-recalc-dims=\"1\" loading=\"lazy\" decoding=\"async\" width=\"800\" height=\"445\" src=\"https:\/\/i0.wp.com\/cdnoticias.com\/wp-content\/uploads\/2024\/01\/HCD-sesion-05-01-f-aguilera.jpg?resize=800%2C445&#038;ssl=1\" alt=\"\" class=\"wp-image-105956\" srcset=\"https:\/\/i0.wp.com\/cdnoticias.com\/wp-content\/uploads\/2024\/01\/HCD-sesion-05-01-f-aguilera.jpg?resize=1024%2C570&amp;ssl=1 1024w, https:\/\/i0.wp.com\/cdnoticias.com\/wp-content\/uploads\/2024\/01\/HCD-sesion-05-01-f-aguilera.jpg?resize=300%2C167&amp;ssl=1 300w, https:\/\/i0.wp.com\/cdnoticias.com\/wp-content\/uploads\/2024\/01\/HCD-sesion-05-01-f-aguilera.jpg?resize=768%2C428&amp;ssl=1 768w, https:\/\/i0.wp.com\/cdnoticias.com\/wp-content\/uploads\/2024\/01\/HCD-sesion-05-01-f-aguilera.jpg?resize=800%2C445&amp;ssl=1 800w, https:\/\/i0.wp.com\/cdnoticias.com\/wp-content\/uploads\/2024\/01\/HCD-sesion-05-01-f-aguilera.jpg?w=1200&amp;ssl=1 1200w\" sizes=\"auto, (max-width: 800px) 100vw, 800px\" \/><\/figure>\n\n\n&nbsp;\n\n\n<p>Se\u00f1al\u00f3 que<strong> la suba se da \u201ccomo necesidad en un contexto de crisis y generaci\u00f3n de mayores recursos para generar con el aporte de tres sectores de mayor capacidad de aporte contributivo<\/strong>. Es pedir un mayor esfuerzo para colaborar con las arcas municipales y todos los olavarrienses\u201d.<\/p>\n\n\n&nbsp;\n\n\n<blockquote class=\"wp-block-quote is-layout-flow wp-block-quote-is-layout-flow\">\n<p>Aqu\u00ed lleg\u00f3 el cruce de Arouxet: \u201ctenemos que entender cu\u00e1l es el concepto de una tasa, tiene que tener a cambio la contraprestaci\u00f3n de un servicio. Es una obligaci\u00f3n para el Municipio cuando modifica las tasas. Tiene que tener el monto de lo que va a aumentar y hacia d\u00f3nde va dirigido. Cuando llega este expediente, se nos explic\u00f3 -aclaro que en la preparatoria nos abstuvimos porque no ten\u00edamos toda la documentaci\u00f3n y todav\u00eda no llegaron las respuestas- que el aumento de tasas se da en estas tres actividades, las de mayor capacidad contributiva (vaya a saber c\u00f3mo se hizo ese an\u00e1lisis y cu\u00e1les son las que tienen mayor capacidad contributiva frente quiz\u00e1s a otras actividades que pueden tener m\u00e1s que estas tres) y nos dicen por nota que el aumento es por el desfasaje que tiene Olavarr\u00eda en sus n\u00fameros y al gasto que se tuvo en el temporal\u201d.<\/p>\n<\/blockquote>\n\n\n&nbsp;\n\n\n<p>Agreg\u00f3 que<strong> \u201cuna de las consultas que le hicimos fue que nos muestren cu\u00e1les fueron los gastos del temporal. <\/strong>La respuesta fue que los gastos todav\u00eda se estaban analizando, y que la situaci\u00f3n econ\u00f3mica de Olavarr\u00eda no era muy distinta a los \u00faltimos cuatro meses. Entonces nos preguntamos <strong>c\u00f3mo hicieron para calcular un incremento sin los n\u00fameros\u201d.<\/strong><\/p>\n\n\n&nbsp;\n\n\n<figure class=\"wp-block-image size-large\"><img data-recalc-dims=\"1\" loading=\"lazy\" decoding=\"async\" width=\"800\" height=\"445\" src=\"https:\/\/i0.wp.com\/cdnoticias.com\/wp-content\/uploads\/2024\/01\/HCD-sesion-05-01-g-celeste-arouxet.jpg?resize=800%2C445&#038;ssl=1\" alt=\"\" class=\"wp-image-105957\" srcset=\"https:\/\/i0.wp.com\/cdnoticias.com\/wp-content\/uploads\/2024\/01\/HCD-sesion-05-01-g-celeste-arouxet.jpg?resize=1024%2C570&amp;ssl=1 1024w, https:\/\/i0.wp.com\/cdnoticias.com\/wp-content\/uploads\/2024\/01\/HCD-sesion-05-01-g-celeste-arouxet.jpg?resize=300%2C167&amp;ssl=1 300w, https:\/\/i0.wp.com\/cdnoticias.com\/wp-content\/uploads\/2024\/01\/HCD-sesion-05-01-g-celeste-arouxet.jpg?resize=768%2C428&amp;ssl=1 768w, https:\/\/i0.wp.com\/cdnoticias.com\/wp-content\/uploads\/2024\/01\/HCD-sesion-05-01-g-celeste-arouxet.jpg?resize=800%2C445&amp;ssl=1 800w, https:\/\/i0.wp.com\/cdnoticias.com\/wp-content\/uploads\/2024\/01\/HCD-sesion-05-01-g-celeste-arouxet.jpg?w=1200&amp;ssl=1 1200w\" sizes=\"auto, (max-width: 800px) 100vw, 800px\" \/><\/figure>\n\n\n&nbsp;\n\n\n<figure class=\"wp-block-image size-large\"><img data-recalc-dims=\"1\" loading=\"lazy\" decoding=\"async\" width=\"800\" height=\"445\" src=\"https:\/\/i0.wp.com\/cdnoticias.com\/wp-content\/uploads\/2024\/01\/HCD-sesion-05-01-d.jpg?resize=800%2C445&#038;ssl=1\" alt=\"\" class=\"wp-image-105953\" srcset=\"https:\/\/i0.wp.com\/cdnoticias.com\/wp-content\/uploads\/2024\/01\/HCD-sesion-05-01-d.jpg?resize=1024%2C570&amp;ssl=1 1024w, https:\/\/i0.wp.com\/cdnoticias.com\/wp-content\/uploads\/2024\/01\/HCD-sesion-05-01-d.jpg?resize=300%2C167&amp;ssl=1 300w, https:\/\/i0.wp.com\/cdnoticias.com\/wp-content\/uploads\/2024\/01\/HCD-sesion-05-01-d.jpg?resize=768%2C428&amp;ssl=1 768w, https:\/\/i0.wp.com\/cdnoticias.com\/wp-content\/uploads\/2024\/01\/HCD-sesion-05-01-d.jpg?resize=800%2C445&amp;ssl=1 800w, https:\/\/i0.wp.com\/cdnoticias.com\/wp-content\/uploads\/2024\/01\/HCD-sesion-05-01-d.jpg?w=1200&amp;ssl=1 1200w\" sizes=\"auto, (max-width: 800px) 100vw, 800px\" \/><\/figure>\n\n\n&nbsp;\n\n\n<p>Despu\u00e9s lleg\u00f3 una de las claves de la propuesta y que Aguilera aclar\u00f3 con insistencia: <strong>Arouxet destac\u00f3 que \u201cnos se\u00f1alaron que, como hay habilitaciones retrasadas, se iban a nombrar nuevos inspectores y se iba a readecuar la planta de empleados<\/strong> para solucionar este problema. Si envi\u00e1s al empleado a otra \u00e1rea no ten\u00e9s un gasto. Entonces nos preguntamos cu\u00e1l es el impacto. <strong>El posible ingreso son 600 millones de pesos no saben d\u00f3nde lo van a gastar<\/strong>, en un contexto donde el intendente est\u00e1 diciendo que <a href=\"https:\/\/cdnoticias.com\/index.php\/2023\/12\/31\/maximiliano-wesner-con-este-tremendo-deficit-no-se-puede-laburar\/\" data-type=\"post\" data-id=\"105662\">es muy dif\u00edcil gobernar con este d\u00e9ficit<\/a>\u201d.<\/p>\n\n\n&nbsp;\n\n\n<p>Aguilera respondi\u00f3 que los concejales por nota ten\u00edan \u201cel destino y las respuestas realizadas por el Ejecutivo\u201d. Este es \u201creforzar con mayor periodicidad los controles, revisi\u00f3n de las habilitaciones definitivas referentes al \u00e1rea. Pedimos en la sesi\u00f3n anterior que esta respuesta se adjunte al expediente, quede asentada en taquigr\u00e1fica e incluso para el Tribunal de Cuentas.<strong> Son cuestiones de forma que no determina c\u00f3mo se aplica la tasa, lo que lo determina son los articulados. Los destinos est\u00e1n previamente establecidos y no se pueden modificar.<\/strong> Es una nueva aclaraci\u00f3n de lo que ya est\u00e1 aclarado\u201d.<\/p>\n\n\n&nbsp;\n\n\n<p>Arouxet pidi\u00f3 \u201cno aclarar que oscurece\u201d e insisti\u00f3 en preguntarse<em> \u201c\u00bfc\u00f3mo estimaron lo que ten\u00edan que recaudar si no ten\u00edan una contraprestaci\u00f3n? Nos est\u00e1n diciendo que van a gastar 600 millones de pesos en inspectores que en realidad ser\u00e1n derivados de otras \u00e1reas municipales<\/em>. <strong>Presentaron mal un expediente, y cuando lo respondieron fue peor\u201d.<\/strong><\/p>\n\n\n&nbsp;\n\n\n<figure class=\"wp-block-image size-large\"><img data-recalc-dims=\"1\" loading=\"lazy\" decoding=\"async\" width=\"800\" height=\"445\" src=\"https:\/\/i0.wp.com\/cdnoticias.com\/wp-content\/uploads\/2024\/01\/HCD-sesion-05-01-j.jpg?resize=800%2C445&#038;ssl=1\" alt=\"\" class=\"wp-image-105960\" srcset=\"https:\/\/i0.wp.com\/cdnoticias.com\/wp-content\/uploads\/2024\/01\/HCD-sesion-05-01-j.jpg?resize=1024%2C570&amp;ssl=1 1024w, https:\/\/i0.wp.com\/cdnoticias.com\/wp-content\/uploads\/2024\/01\/HCD-sesion-05-01-j.jpg?resize=300%2C167&amp;ssl=1 300w, https:\/\/i0.wp.com\/cdnoticias.com\/wp-content\/uploads\/2024\/01\/HCD-sesion-05-01-j.jpg?resize=768%2C428&amp;ssl=1 768w, https:\/\/i0.wp.com\/cdnoticias.com\/wp-content\/uploads\/2024\/01\/HCD-sesion-05-01-j.jpg?resize=800%2C445&amp;ssl=1 800w, https:\/\/i0.wp.com\/cdnoticias.com\/wp-content\/uploads\/2024\/01\/HCD-sesion-05-01-j.jpg?w=1200&amp;ssl=1 1200w\" sizes=\"auto, (max-width: 800px) 100vw, 800px\" \/><\/figure>\n\n\n&nbsp;\n\n\n<figure class=\"wp-block-image size-large\"><img data-recalc-dims=\"1\" loading=\"lazy\" decoding=\"async\" width=\"800\" height=\"445\" src=\"https:\/\/i0.wp.com\/cdnoticias.com\/wp-content\/uploads\/2024\/01\/HCD-sesion-05-01-b.jpg?resize=800%2C445&#038;ssl=1\" alt=\"\" class=\"wp-image-105951\" srcset=\"https:\/\/i0.wp.com\/cdnoticias.com\/wp-content\/uploads\/2024\/01\/HCD-sesion-05-01-b.jpg?resize=1024%2C569&amp;ssl=1 1024w, https:\/\/i0.wp.com\/cdnoticias.com\/wp-content\/uploads\/2024\/01\/HCD-sesion-05-01-b.jpg?resize=300%2C167&amp;ssl=1 300w, https:\/\/i0.wp.com\/cdnoticias.com\/wp-content\/uploads\/2024\/01\/HCD-sesion-05-01-b.jpg?resize=768%2C427&amp;ssl=1 768w, https:\/\/i0.wp.com\/cdnoticias.com\/wp-content\/uploads\/2024\/01\/HCD-sesion-05-01-b.jpg?resize=800%2C445&amp;ssl=1 800w, https:\/\/i0.wp.com\/cdnoticias.com\/wp-content\/uploads\/2024\/01\/HCD-sesion-05-01-b.jpg?w=1200&amp;ssl=1 1200w\" sizes=\"auto, (max-width: 800px) 100vw, 800px\" \/><\/figure>\n\n\n&nbsp;\n\n\n<p>Para cerrar el tema, Aguilera insisti\u00f3 en que los fondos de las tasas de seguridad e higiene est\u00e1n asignados, \u201cno los puede modificar el Departamento Ejecutivo. Despu\u00e9s <strong>se pueden hacer apreciaciones personales, subjetivas que quiera, pero la cuesti\u00f3n objetiva est\u00e1 planteada por reglamento y normativa\u201d<\/strong> y estaba incluida en el articulado.<\/p>\n\n\n&nbsp;\n\n\n<p>Finalmente, y con los votos positivos de Uni\u00f3n por la Patria, Juntos por el Cambio y UCR, la normativa fue aprobada por mayor\u00eda. <strong>Ahora Olavarr\u00eda esta vez <a href=\"https:\/\/cdnoticias.com\/index.php\/2023\/12\/29\/hcd-se-aprobo-la-preparatoria-de-la-suba-de-alicuotas-de-seguridad-e-higiene\/\" data-type=\"post\" data-id=\"105440\">no se abstuvo<\/a> y vot\u00f3 en contra<\/strong>, por lo que el resultado fue de 31 positivos y 5 negativos. La Ordenanza es la 5199\/24.<\/p>\n\n\n&nbsp;\n\n\n<figure class=\"wp-block-image size-large\"><img data-recalc-dims=\"1\" loading=\"lazy\" decoding=\"async\" width=\"800\" height=\"445\" src=\"https:\/\/i0.wp.com\/cdnoticias.com\/wp-content\/uploads\/2024\/01\/HCD-sesion-05-01-m.jpg?resize=800%2C445&#038;ssl=1\" alt=\"\" class=\"wp-image-105963\" srcset=\"https:\/\/i0.wp.com\/cdnoticias.com\/wp-content\/uploads\/2024\/01\/HCD-sesion-05-01-m.jpg?resize=1024%2C570&amp;ssl=1 1024w, https:\/\/i0.wp.com\/cdnoticias.com\/wp-content\/uploads\/2024\/01\/HCD-sesion-05-01-m.jpg?resize=300%2C167&amp;ssl=1 300w, https:\/\/i0.wp.com\/cdnoticias.com\/wp-content\/uploads\/2024\/01\/HCD-sesion-05-01-m.jpg?resize=768%2C428&amp;ssl=1 768w, https:\/\/i0.wp.com\/cdnoticias.com\/wp-content\/uploads\/2024\/01\/HCD-sesion-05-01-m.jpg?resize=800%2C445&amp;ssl=1 800w, https:\/\/i0.wp.com\/cdnoticias.com\/wp-content\/uploads\/2024\/01\/HCD-sesion-05-01-m.jpg?w=1200&amp;ssl=1 1200w\" sizes=\"auto, (max-width: 800px) 100vw, 800px\" \/><\/figure>\n\n\n&nbsp;\n\n\n<figure class=\"wp-block-image size-large\"><img data-recalc-dims=\"1\" loading=\"lazy\" decoding=\"async\" width=\"800\" height=\"445\" src=\"https:\/\/i0.wp.com\/cdnoticias.com\/wp-content\/uploads\/2024\/01\/HCD-sesion-05-01-c.jpg?resize=800%2C445&#038;ssl=1\" alt=\"\" class=\"wp-image-105952\" srcset=\"https:\/\/i0.wp.com\/cdnoticias.com\/wp-content\/uploads\/2024\/01\/HCD-sesion-05-01-c.jpg?resize=1024%2C570&amp;ssl=1 1024w, https:\/\/i0.wp.com\/cdnoticias.com\/wp-content\/uploads\/2024\/01\/HCD-sesion-05-01-c.jpg?resize=300%2C167&amp;ssl=1 300w, https:\/\/i0.wp.com\/cdnoticias.com\/wp-content\/uploads\/2024\/01\/HCD-sesion-05-01-c.jpg?resize=768%2C428&amp;ssl=1 768w, https:\/\/i0.wp.com\/cdnoticias.com\/wp-content\/uploads\/2024\/01\/HCD-sesion-05-01-c.jpg?resize=800%2C445&amp;ssl=1 800w, https:\/\/i0.wp.com\/cdnoticias.com\/wp-content\/uploads\/2024\/01\/HCD-sesion-05-01-c.jpg?w=1200&amp;ssl=1 1200w\" sizes=\"auto, (max-width: 800px) 100vw, 800px\" \/><\/figure>\n\n\n&nbsp;\n\n","protected":false},"excerpt":{"rendered":"<p>Ser\u00e1 del 35% a la banca minorista, 50% a elaboraci\u00f3n de cemento y 20% a la venta por menor en<\/p>\n","protected":false},"author":2,"featured_media":105954,"comment_status":"closed","ping_status":"closed","sticky":false,"template":"","format":"standard","meta":{"_jetpack_memberships_contains_paid_content":false,"footnotes":""},"categories":[4],"tags":[],"class_list":["post-105964","post","type-post","status-publish","format-standard","has-post-thumbnail","hentry","category-politica"],"jetpack_featured_media_url":"https:\/\/i0.wp.com\/cdnoticias.com\/wp-content\/uploads\/2024\/01\/HCD-sesion-05-01-e-aguilera.jpg?fit=1200%2C668&ssl=1","jetpack_sharing_enabled":true,"_links":{"self":[{"href":"https:\/\/cdnoticias.com\/index.php\/wp-json\/wp\/v2\/posts\/105964","targetHints":{"allow":["GET"]}}],"collection":[{"href":"https:\/\/cdnoticias.com\/index.php\/wp-json\/wp\/v2\/posts"}],"about":[{"href":"https:\/\/cdnoticias.com\/index.php\/wp-json\/wp\/v2\/types\/post"}],"author":[{"embeddable":true,"href":"https:\/\/cdnoticias.com\/index.php\/wp-json\/wp\/v2\/users\/2"}],"replies":[{"embeddable":true,"href":"https:\/\/cdnoticias.com\/index.php\/wp-json\/wp\/v2\/comments?post=105964"}],"version-history":[{"count":0,"href":"https:\/\/cdnoticias.com\/index.php\/wp-json\/wp\/v2\/posts\/105964\/revisions"}],"wp:featuredmedia":[{"embeddable":true,"href":"https:\/\/cdnoticias.com\/index.php\/wp-json\/wp\/v2\/media\/105954"}],"wp:attachment":[{"href":"https:\/\/cdnoticias.com\/index.php\/wp-json\/wp\/v2\/media?parent=105964"}],"wp:term":[{"taxonomy":"category","embeddable":true,"href":"https:\/\/cdnoticias.com\/index.php\/wp-json\/wp\/v2\/categories?post=105964"},{"taxonomy":"post_tag","embeddable":true,"href":"https:\/\/cdnoticias.com\/index.php\/wp-json\/wp\/v2\/tags?post=105964"}],"curies":[{"name":"wp","href":"https:\/\/api.w.org\/{rel}","templated":true}]}}