{"id":105940,"date":"2024-01-05T07:59:18","date_gmt":"2024-01-05T10:59:18","guid":{"rendered":"https:\/\/cdnoticias.com\/?p=105940"},"modified":"2024-01-05T07:59:20","modified_gmt":"2024-01-05T10:59:20","slug":"maria-teresa-tobia-viuda-de-herce-tere-q-e-p-d","status":"publish","type":"post","link":"https:\/\/cdnoticias.com\/index.php\/2024\/01\/05\/maria-teresa-tobia-viuda-de-herce-tere-q-e-p-d\/","title":{"rendered":"Mar\u00eda Teresa Tobia viuda de Herce \u201cTere\u201d (Q.E.P.D.)"},"content":{"rendered":"<p>Falleci\u00f3 en Olavarr\u00eda el d\u00eda 5 de enero de 2024 a los 96 a\u00f1os de edad.<\/p>\n<p>Sus hijos: Juan Antonio y Mar\u00eda del Pilar; sus hijos pol\u00edticos: Stella Maris y Ra\u00fal; sus nietos: Cecilia, Claudio, Ana Clara, Nicol\u00e1s y Christian; sus nietos pol\u00edticos; sus bisnietos; sus acompa\u00f1antes: Silvia, Mar\u00eda Ang\u00e9lica, Mar\u00eda de los Angeles y Florencia; sus amigas: Quitas, Rosita, Liliana y dem\u00e1s deudos participan su fallecimiento.<\/p>\n<p>Velatorio: Espa\u00f1a 2942 departamento \u201cD\u201c. Responso: Capilla Ardiente. Inhumaci\u00f3n: Cementerio Loma de Paz, viernes 5 de enero a las 14:30. Servicio adherido a Coopelectric.<\/p>\n<p>Barrio en el que viv\u00eda: San Vicente<\/p>\n<p>Lugar de nacimiento: Espa\u00f1a<\/p>\n<p>Actividad que desarrollaba: Jubilada y Pensionada<\/p>\n","protected":false},"excerpt":{"rendered":"<p>Falleci\u00f3 en Olavarr\u00eda el d\u00eda 5 de enero de 2024 a los 96 a\u00f1os de edad. Sus hijos: Juan Antonio<\/p>\n","protected":false},"author":4,"featured_media":51544,"comment_status":"closed","ping_status":"closed","sticky":false,"template":"","format":"standard","meta":{"_jetpack_memberships_contains_paid_content":false,"footnotes":""},"categories":[10],"tags":[],"class_list":["post-105940","post","type-post","status-publish","format-standard","has-post-thumbnail","hentry","category-necrologicas"],"jetpack_featured_media_url":"https:\/\/i0.wp.com\/cdnoticias.com\/wp-content\/uploads\/2022\/04\/necrologicas-390-x-240.jpg?fit=390%2C240&ssl=1","jetpack_sharing_enabled":true,"_links":{"self":[{"href":"https:\/\/cdnoticias.com\/index.php\/wp-json\/wp\/v2\/posts\/105940","targetHints":{"allow":["GET"]}}],"collection":[{"href":"https:\/\/cdnoticias.com\/index.php\/wp-json\/wp\/v2\/posts"}],"about":[{"href":"https:\/\/cdnoticias.com\/index.php\/wp-json\/wp\/v2\/types\/post"}],"author":[{"embeddable":true,"href":"https:\/\/cdnoticias.com\/index.php\/wp-json\/wp\/v2\/users\/4"}],"replies":[{"embeddable":true,"href":"https:\/\/cdnoticias.com\/index.php\/wp-json\/wp\/v2\/comments?post=105940"}],"version-history":[{"count":0,"href":"https:\/\/cdnoticias.com\/index.php\/wp-json\/wp\/v2\/posts\/105940\/revisions"}],"wp:featuredmedia":[{"embeddable":true,"href":"https:\/\/cdnoticias.com\/index.php\/wp-json\/wp\/v2\/media\/51544"}],"wp:attachment":[{"href":"https:\/\/cdnoticias.com\/index.php\/wp-json\/wp\/v2\/media?parent=105940"}],"wp:term":[{"taxonomy":"category","embeddable":true,"href":"https:\/\/cdnoticias.com\/index.php\/wp-json\/wp\/v2\/categories?post=105940"},{"taxonomy":"post_tag","embeddable":true,"href":"https:\/\/cdnoticias.com\/index.php\/wp-json\/wp\/v2\/tags?post=105940"}],"curies":[{"name":"wp","href":"https:\/\/api.w.org\/{rel}","templated":true}]}}