{"id":10591,"date":"2021-01-04T16:59:18","date_gmt":"2021-01-04T19:59:18","guid":{"rendered":"http:\/\/www.centraldenoticias.com.ar\/?p=10591"},"modified":"2021-01-04T21:26:04","modified_gmt":"2021-01-05T00:26:04","slug":"secuestraron-una-importante-cantidad-de-dinero-en-la-recaptura-del-preso-evadido-de-la-unidad-27","status":"publish","type":"post","link":"https:\/\/cdnoticias.com\/index.php\/2021\/01\/04\/secuestraron-una-importante-cantidad-de-dinero-en-la-recaptura-del-preso-evadido-de-la-unidad-27\/","title":{"rendered":"Secuestraron una importante cantidad de dinero en la recaptura del preso evadido de la Unidad 27"},"content":{"rendered":"<p>Se logr\u00f3 conocer que llevaba alrededor de 100 mil pesos y 5 mil d\u00f3lares. Persisten las averiguaciones.<!--more--><\/p>\n<hr \/>\n<p>Con el correr de las horas trascienden mayores detalles de la causa que <a href=\"https:\/\/cdnoticias.com\/index.php\/2021\/01\/04\/un-interno-de-la-unidad-27-se-escapo-y-es-intensamente-buscado\/\" target=\"_blank\" rel=\"noopener\">se inici\u00f3 a partir de la evasi\u00f3n de un preso de la Unidad 27<\/a>, en un caso que se registr\u00f3 en la ma\u00f1ana de este lunes en el complejo carcelario situado en el trayecto entre Sierra Chica y Colonia Hinojo.<\/p>\n<p>&nbsp;<\/p>\n<p><strong>La investigaci\u00f3n se encuentra en manos del fiscal Lucas Moyano, quien se encuentra al frente no s\u00f3lo del estudio de lo actuado hasta el momento sino tambi\u00e9n de la coordinaci\u00f3n de diversas medidas de prueba que permitir\u00e1n no s\u00f3lo establecer los hechos, sino tambi\u00e9n las responsabilidades o part\u00edcipes<\/strong>. Esa cuesti\u00f3n lejos est\u00e1 de limitarse a las personas que habr\u00edan brindado \u201capoyo externo\u201d, una de las pocas certezas que posee actualmente la instrucci\u00f3n, sino tambi\u00e9n si hubo alg\u00fan tipo de negligencia o inoperancia por parte del personal de seguridad, entre otra serie de variables.<\/p>\n<p>&nbsp;<\/p>\n<p><img data-recalc-dims=\"1\" loading=\"lazy\" decoding=\"async\" class=\"alignnone size-full wp-image-10568\" src=\"https:\/\/i0.wp.com\/cdnoticias.com\/wp-content\/uploads\/2021\/01\/unidad-27-sierra-chica1.jpg?resize=568%2C337&#038;ssl=1\" alt=\"\" width=\"568\" height=\"337\" srcset=\"https:\/\/i0.wp.com\/cdnoticias.com\/wp-content\/uploads\/2021\/01\/unidad-27-sierra-chica1.jpg?w=568&amp;ssl=1 568w, https:\/\/i0.wp.com\/cdnoticias.com\/wp-content\/uploads\/2021\/01\/unidad-27-sierra-chica1.jpg?resize=300%2C178&amp;ssl=1 300w\" sizes=\"auto, (max-width: 568px) 100vw, 568px\" \/><\/p>\n<p>&nbsp;<\/p>\n<p><strong>Se trata de Rafael Galv\u00e1n Lencina, un hombre de 57 a\u00f1os y nativo de Santiago del Estero, pero con \u00faltimo domicilio en la ciudad de Bah\u00eda Blanca, hacia donde se presume que el recluso intent\u00f3 arribar teniendo en cuenta el sitio donde se concret\u00f3 su recaptura<\/strong>. Es que se dio sobre la Ruta Nacional 3, cuando se movilizaba precisamente con direcci\u00f3n al sur de la provincia.<\/p>\n<p>&nbsp;<\/p>\n<p>Fue personal del Comando de Prevenci\u00f3n Rural de Coronel Pringles, dependiente de la Superintendencia de Seguridad Rural de Tres Arroyos, quienes llevaron adelante la captura en un operativo cerrojo que tambi\u00e9n incluy\u00f3 tareas sobre las rutas provinciales 51 y 85. <strong>Fue alrededor de las 11.45 cuando los agentes de seguridad interceptaron el Fiat Cronos en el que viajaba el recluso.<\/strong><\/p>\n<p>&nbsp;<\/p>\n<p><img data-recalc-dims=\"1\" loading=\"lazy\" decoding=\"async\" class=\"alignnone size-full wp-image-10557\" src=\"https:\/\/i0.wp.com\/cdnoticias.com\/wp-content\/uploads\/2021\/01\/unidad-27-sierra-chica.jpg?resize=735%2C462&#038;ssl=1\" alt=\"\" width=\"735\" height=\"462\" srcset=\"https:\/\/i0.wp.com\/cdnoticias.com\/wp-content\/uploads\/2021\/01\/unidad-27-sierra-chica.jpg?w=735&amp;ssl=1 735w, https:\/\/i0.wp.com\/cdnoticias.com\/wp-content\/uploads\/2021\/01\/unidad-27-sierra-chica.jpg?resize=300%2C189&amp;ssl=1 300w\" sizes=\"auto, (max-width: 735px) 100vw, 735px\" \/><\/p>\n<p>&nbsp;<\/p>\n<p>El dato relevante que logr\u00f3 conocer este portal es que <strong>en su poder se secuestraron 100 mil pesos y 5 mil d\u00f3lares, adem\u00e1s de dos tel\u00e9fonos celulares. <\/strong><\/p>\n<p>&nbsp;<\/p>\n<p>Galv\u00e1n Lencina se encuentra actualmente a disposici\u00f3n del Juzgado de Ejecuci\u00f3n Penal de Bah\u00eda Blanca, desde donde s<strong>e deber\u00e1 resolver d\u00f3nde seguir\u00e1 purgando la pena a 13 a\u00f1os y 6 meses de prisi\u00f3n a la que fue condenado en el 2018, tras ser hallado culpable del delito de \u201crobo doblemente agravado por su comisi\u00f3n en poblado y en banda\u201d.<\/strong><\/p>\n","protected":false},"excerpt":{"rendered":"<p>Se logr\u00f3 conocer que llevaba alrededor de 100 mil pesos y 5 mil d\u00f3lares. Persisten las averiguaciones.<\/p>\n","protected":false},"author":3,"featured_media":10592,"comment_status":"closed","ping_status":"closed","sticky":false,"template":"","format":"standard","meta":{"_jetpack_memberships_contains_paid_content":false,"footnotes":""},"categories":[14],"tags":[],"class_list":["post-10591","post","type-post","status-publish","format-standard","has-post-thumbnail","hentry","category-policiales"],"jetpack_featured_media_url":"https:\/\/i0.wp.com\/cdnoticias.com\/wp-content\/uploads\/2021\/01\/135811657_3589318761188572_1569562283266864527_o.jpg?fit=2000%2C1126&ssl=1","jetpack_sharing_enabled":true,"_links":{"self":[{"href":"https:\/\/cdnoticias.com\/index.php\/wp-json\/wp\/v2\/posts\/10591","targetHints":{"allow":["GET"]}}],"collection":[{"href":"https:\/\/cdnoticias.com\/index.php\/wp-json\/wp\/v2\/posts"}],"about":[{"href":"https:\/\/cdnoticias.com\/index.php\/wp-json\/wp\/v2\/types\/post"}],"author":[{"embeddable":true,"href":"https:\/\/cdnoticias.com\/index.php\/wp-json\/wp\/v2\/users\/3"}],"replies":[{"embeddable":true,"href":"https:\/\/cdnoticias.com\/index.php\/wp-json\/wp\/v2\/comments?post=10591"}],"version-history":[{"count":0,"href":"https:\/\/cdnoticias.com\/index.php\/wp-json\/wp\/v2\/posts\/10591\/revisions"}],"wp:featuredmedia":[{"embeddable":true,"href":"https:\/\/cdnoticias.com\/index.php\/wp-json\/wp\/v2\/media\/10592"}],"wp:attachment":[{"href":"https:\/\/cdnoticias.com\/index.php\/wp-json\/wp\/v2\/media?parent=10591"}],"wp:term":[{"taxonomy":"category","embeddable":true,"href":"https:\/\/cdnoticias.com\/index.php\/wp-json\/wp\/v2\/categories?post=10591"},{"taxonomy":"post_tag","embeddable":true,"href":"https:\/\/cdnoticias.com\/index.php\/wp-json\/wp\/v2\/tags?post=10591"}],"curies":[{"name":"wp","href":"https:\/\/api.w.org\/{rel}","templated":true}]}}