{"id":105908,"date":"2024-01-04T20:16:48","date_gmt":"2024-01-04T23:16:48","guid":{"rendered":"https:\/\/cdnoticias.com\/?p=105908"},"modified":"2024-01-05T08:22:02","modified_gmt":"2024-01-05T11:22:02","slug":"el-servicio-electrico-de-cara-al-alerta-de-este-viernes-el-sistema-esta-danado","status":"publish","type":"post","link":"https:\/\/cdnoticias.com\/index.php\/2024\/01\/04\/el-servicio-electrico-de-cara-al-alerta-de-este-viernes-el-sistema-esta-danado\/","title":{"rendered":"El servicio el\u00e9ctrico de cara al alerta de este viernes: \u201cel sistema est\u00e1 da\u00f1ado\u201d"},"content":{"rendered":"<p>Lo advirti\u00f3 el gerente de Distribuci\u00f3n El\u00e9ctrica de Coopelectric, Claudio Napoli. Tambi\u00e9n explic\u00f3 sobre la continuidad de las reparaciones tras los temporales de diciembre: en algunos sectores de nuestra red de media tensi\u00f3n por ejemplo todav\u00eda estamos reparando y reponiendo cables que nos ha sido sustra\u00eddo\u201d.<\/p>\n<p><!--more--><\/p>\n<hr \/>\n<p><a href=\"https:\/\/cdnoticias.com\/index.php\/2024\/01\/04\/alerta-amarillo-por-tormenta-para-olavarria-este-viernes\/\" target=\"_blank\" rel=\"noopener\">El Servicio Meteorol\u00f3gico Nacional<\/a> emiti\u00f3 un<strong> alerta meteorol\u00f3gico para este viernes por la noche en Olavarr\u00eda por tormentas<\/strong>. En ese contexto, <strong>el gerente de Distribuci\u00f3n El\u00e9ctrica de Coopelectric, Claudio Napoli, fue consultado sobre las condiciones del sistema el\u00e9ctrico<\/strong> local para la advertencia clim\u00e1tica <em>en el programa Levantate por Radio Sapiens.<\/em><\/p>\n<p>&nbsp;<\/p>\n<p><strong>\u201cEl sistema est\u00e1 da\u00f1ado. No es el mismo sistema que ten\u00edamos antes del temporal\u201d<\/strong> del 12, 14 y 16 de diciembre se\u00f1al\u00f3 para reiterar que se trat\u00f3 de \u201cuna situaci\u00f3n in\u00e9dita\u201d. Advirti\u00f3 luego que <strong>el impacto de la tormenta que se espera para este viernes \u201cdepender\u00e1 de la magnitud del temporal\u201d<\/strong>. En ese punto consider\u00f3 que las consecuencias ser\u00e1n diferentes en funci\u00f3n de si se cumple el pron\u00f3stico de lluvia y de viento, y de la velocidad del viento que se alcance.<\/p>\n<p>&nbsp;<\/p>\n<blockquote><p>Con ello apunt\u00f3 a que no se puede predecir si habr\u00e1 corte de suministro el\u00e9ctrico. \u201cTenemos una alerta amarilla. Significan tormentas de mediana intensidad. Esa alerta seguramente puede ir variando a lo largo del tiempo y solamente lo vamos a ver con certeza muy cerca de que ocurra. Depender\u00e1 de eso c\u00f3mo reaccione el sistema\u201d subray\u00f3 Napoli.<\/p><\/blockquote>\n<p>&nbsp;<\/p>\n<figure id=\"attachment_104359\" aria-describedby=\"caption-attachment-104359\" style=\"width: 800px\" class=\"wp-caption aligncenter\"><img data-recalc-dims=\"1\" loading=\"lazy\" decoding=\"async\" class=\"wp-image-104359 size-large\" src=\"https:\/\/i0.wp.com\/cdnoticias.com\/wp-content\/uploads\/2023\/12\/napoli-coopelectric1.jpg?resize=800%2C450&#038;ssl=1\" alt=\"\" width=\"800\" height=\"450\" srcset=\"https:\/\/i0.wp.com\/cdnoticias.com\/wp-content\/uploads\/2023\/12\/napoli-coopelectric1-scaled.jpg?resize=1024%2C576&amp;ssl=1 1024w, https:\/\/i0.wp.com\/cdnoticias.com\/wp-content\/uploads\/2023\/12\/napoli-coopelectric1-scaled.jpg?resize=300%2C169&amp;ssl=1 300w, https:\/\/i0.wp.com\/cdnoticias.com\/wp-content\/uploads\/2023\/12\/napoli-coopelectric1-scaled.jpg?resize=768%2C432&amp;ssl=1 768w, https:\/\/i0.wp.com\/cdnoticias.com\/wp-content\/uploads\/2023\/12\/napoli-coopelectric1-scaled.jpg?resize=1536%2C864&amp;ssl=1 1536w, https:\/\/i0.wp.com\/cdnoticias.com\/wp-content\/uploads\/2023\/12\/napoli-coopelectric1-scaled.jpg?resize=2048%2C1152&amp;ssl=1 2048w, https:\/\/i0.wp.com\/cdnoticias.com\/wp-content\/uploads\/2023\/12\/napoli-coopelectric1-scaled.jpg?w=1600&amp;ssl=1 1600w, https:\/\/i0.wp.com\/cdnoticias.com\/wp-content\/uploads\/2023\/12\/napoli-coopelectric1-scaled.jpg?w=2400&amp;ssl=1 2400w\" sizes=\"auto, (max-width: 800px) 100vw, 800px\" \/><figcaption id=\"caption-attachment-104359\" class=\"wp-caption-text\">El ingeniero Claudio N\u00e1poli.<\/figcaption><\/figure>\n<p>&nbsp;<\/p>\n<p><a href=\"https:\/\/cdnoticias.com\/index.php\/2024\/01\/02\/coopelectric-la-recuperacion-del-sistema-electrico-demandara-tiempo-e-inversion\/\" target=\"_blank\" rel=\"noopener\">Tal como ya se detall\u00f3<\/a>, el ingeniero tuvo en cuenta que <strong>\u201chemos hecho reparaciones, muchas de ella de emergencia. Esas reparaciones de emergencia necesitan las reparaciones definitivas.<\/strong> En algunos sectores de nuestra red de media tensi\u00f3n por ejemplo todav\u00eda estamos reparando y reponiendo cables que nos ha sido sustra\u00eddo. Eso significa que est\u00e1 operativo pero la maniobrabilidad que ten\u00eda antes del temporal a\u00fan hoy no la tenemos\u201d.<\/p>\n<p>&nbsp;<\/p>\n<p>Plante\u00f3 que los materiales acopiados por Coopelectric fueron utilizados en gran parte para tales reparaciones y que, un problema que los afecta, es que <strong>para la compra de m\u00e1s materiales \u201clos plazos de entrega no son los habituales\u201d.<\/strong><\/p>\n<p>&nbsp;<\/p>\n<blockquote class=\"wp-embedded-content\" data-secret=\"QlXrRP2GN8\"><p><a href=\"https:\/\/cdnoticias.com\/index.php\/2024\/01\/04\/alerta-amarillo-por-tormenta-para-olavarria-este-viernes\/\">Alerta amarillo por tormenta para Olavarr\u00eda este viernes<\/a><\/p><\/blockquote>\n<p><iframe loading=\"lazy\" class=\"wp-embedded-content\" sandbox=\"allow-scripts\" security=\"restricted\" style=\"position: absolute; clip: rect(1px, 1px, 1px, 1px);\" title=\"&#8220;Alerta amarillo por tormenta para Olavarr\u00eda este viernes&#8221; &#8212; Central de Noticias | Olavarr\u00eda\" src=\"https:\/\/cdnoticias.com\/index.php\/2024\/01\/04\/alerta-amarillo-por-tormenta-para-olavarria-este-viernes\/embed\/#?secret=53HLMRnUDD#?secret=QlXrRP2GN8\" data-secret=\"QlXrRP2GN8\" width=\"600\" height=\"338\" frameborder=\"0\" marginwidth=\"0\" marginheight=\"0\" scrolling=\"no\"><\/iframe><\/p>\n<p>&nbsp;<\/p>\n<h2>Redirigir la estrategia<\/h2>\n<p>&nbsp;<\/p>\n<p>El gerente de Coopelectric explic\u00f3 que <strong>habitualmente se llevan adelante tareas de mantenimiento del sistema.<\/strong> \u201cNosotros ten\u00edamos preparado para esta \u00e9poca del a\u00f1o, que es una \u00e9poca en la cual generalmente tenemos olas de calor y hacen que el sistema funcione en su m\u00e1xima potencia. Entonces pueden surgir los problemas<em>. Tomamos a\u00f1o a a\u00f1o esos problemas como puntos de mantenimiento a resolver durante el a\u00f1o para no repetir esos problemas en la pr\u00f3xima temporada. Tanto en trabajo como en material nos hab\u00edamos preparado como para soportar este tipo de situaci\u00f3n\u201d<\/em> explic\u00f3.<\/p>\n<p>&nbsp;<\/p>\n<blockquote><p>En ese marco se dio la sucesi\u00f3n de temporales a mediados de diciembre \u201cque nos ha obligado a redirigir nuestra estrategia y poner toda nuestra fuerza y nuestros materiales, y todo lo que hemos tenido, en solucionar el tema del temporal\u201d.<\/p><\/blockquote>\n<p>&nbsp;<\/p>\n<p>Tal como ya se hab\u00eda informado de la cooperativa, <strong>Napoli reiter\u00f3 que tras el temporal se cambiaron unos 350 postes y que \u201ctenemos relevado algo as\u00ed como 990 todav\u00eda que han quedado da\u00f1ados<\/strong> por el temporal y que no revisten peligrosidad, pero tienen que ser cambiados. Toda esa tarea es una tarea que nos va a llevar tiempo.<strong> La recuperaci\u00f3n nos va a llevar un a\u00f1o para volver a tener la red como antes del temporal<\/strong>\u201d.<\/p>\n<p>&nbsp;<\/p>\n<p><img data-recalc-dims=\"1\" loading=\"lazy\" decoding=\"async\" class=\"size-full wp-image-104589 aligncenter\" src=\"https:\/\/i0.wp.com\/cdnoticias.com\/wp-content\/uploads\/2023\/12\/poste-caido-coopelectric-tormenta-temporal.jpg?resize=800%2C445&#038;ssl=1\" alt=\"\" width=\"800\" height=\"445\" srcset=\"https:\/\/i0.wp.com\/cdnoticias.com\/wp-content\/uploads\/2023\/12\/poste-caido-coopelectric-tormenta-temporal.jpg?w=1000&amp;ssl=1 1000w, https:\/\/i0.wp.com\/cdnoticias.com\/wp-content\/uploads\/2023\/12\/poste-caido-coopelectric-tormenta-temporal.jpg?resize=300%2C167&amp;ssl=1 300w, https:\/\/i0.wp.com\/cdnoticias.com\/wp-content\/uploads\/2023\/12\/poste-caido-coopelectric-tormenta-temporal.jpg?resize=768%2C427&amp;ssl=1 768w, https:\/\/i0.wp.com\/cdnoticias.com\/wp-content\/uploads\/2023\/12\/poste-caido-coopelectric-tormenta-temporal.jpg?resize=800%2C445&amp;ssl=1 800w\" sizes=\"auto, (max-width: 800px) 100vw, 800px\" \/><\/p>\n<p>&nbsp;<\/p>\n<p>A eso a\u00f1adi\u00f3 una complejidad adicional: <strong>el robo de cables<\/strong> que se profundiz\u00f3 con el temporal. <strong>\u201cEn l\u00edneas de media tensi\u00f3n registramos un robo de 20 mil metros de cable. En baja tensi\u00f3n tambi\u00e9n hemos tenido robos<\/strong>, todav\u00eda no lo hemos podido evaluar en metros pero tambi\u00e9n ha sido bastante. Gran parte del <strong>motivo por el cual muchos barrios no tuvieron energ\u00eda r\u00e1pidamente<\/strong> fue que en esos lugares donde nos robaron los cables, pr\u00e1cticamente hubo que hacer una l\u00ednea nueva\u201d dijo Napoli.<\/p>\n<p>&nbsp;<\/p>\n<p>Fue consultado, por \u00faltimo, sobre la <a href=\"https:\/\/cdnoticias.com\/index.php\/2024\/01\/03\/robo-de-cables-un-comerciante-quedo-detenido-por-encubrimiento-agravado\/\" target=\"_blank\" rel=\"noopener\">inspecci\u00f3n a un comercio cuyo titular termin\u00f3 detenido<\/a> este mi\u00e9rcoles, a donde el <strong>personal de la cooperativa concurri\u00f3 a reconocer cables que hab\u00edan sido hallados<\/strong>. \u201cHabitualmente nosotros asistimos a pedido de la Polic\u00eda a reconocer cables u otro material el\u00e9ctrico cuando se hacen allanamientos en distintos comercios. En este caso,<strong> como nosotros hemos asistido el allanamiento fue positivo, encontramos cables nuestros en el lugar<\/strong> y tambi\u00e9n de otras empresas que fueron llamadas al reconocimiento y reconocieron cables de su propiedad. <strong>Es una requisitoria de la Polic\u00eda y que nosotros obviamente asistimos\u201d.<\/strong><\/p>\n<p>&nbsp;<\/p>\n","protected":false},"excerpt":{"rendered":"<p>Lo advirti\u00f3 el gerente de Distribuci\u00f3n El\u00e9ctrica de Coopelectric, Claudio Napoli. Tambi\u00e9n explic\u00f3 sobre la continuidad de las reparaciones tras<\/p>\n","protected":false},"author":4,"featured_media":105909,"comment_status":"closed","ping_status":"closed","sticky":false,"template":"","format":"standard","meta":{"_jetpack_memberships_contains_paid_content":false,"footnotes":""},"categories":[5,1],"tags":[],"class_list":["post-105908","post","type-post","status-publish","format-standard","has-post-thumbnail","hentry","category-informacion-general","category-portada"],"jetpack_featured_media_url":"https:\/\/i0.wp.com\/cdnoticias.com\/wp-content\/uploads\/2024\/01\/coopelectric-reparacion.jpg?fit=900%2C500&ssl=1","jetpack_sharing_enabled":true,"_links":{"self":[{"href":"https:\/\/cdnoticias.com\/index.php\/wp-json\/wp\/v2\/posts\/105908","targetHints":{"allow":["GET"]}}],"collection":[{"href":"https:\/\/cdnoticias.com\/index.php\/wp-json\/wp\/v2\/posts"}],"about":[{"href":"https:\/\/cdnoticias.com\/index.php\/wp-json\/wp\/v2\/types\/post"}],"author":[{"embeddable":true,"href":"https:\/\/cdnoticias.com\/index.php\/wp-json\/wp\/v2\/users\/4"}],"replies":[{"embeddable":true,"href":"https:\/\/cdnoticias.com\/index.php\/wp-json\/wp\/v2\/comments?post=105908"}],"version-history":[{"count":0,"href":"https:\/\/cdnoticias.com\/index.php\/wp-json\/wp\/v2\/posts\/105908\/revisions"}],"wp:featuredmedia":[{"embeddable":true,"href":"https:\/\/cdnoticias.com\/index.php\/wp-json\/wp\/v2\/media\/105909"}],"wp:attachment":[{"href":"https:\/\/cdnoticias.com\/index.php\/wp-json\/wp\/v2\/media?parent=105908"}],"wp:term":[{"taxonomy":"category","embeddable":true,"href":"https:\/\/cdnoticias.com\/index.php\/wp-json\/wp\/v2\/categories?post=105908"},{"taxonomy":"post_tag","embeddable":true,"href":"https:\/\/cdnoticias.com\/index.php\/wp-json\/wp\/v2\/tags?post=105908"}],"curies":[{"name":"wp","href":"https:\/\/api.w.org\/{rel}","templated":true}]}}